{"id":995,"date":"2012-09-04T18:12:42","date_gmt":"2012-09-04T16:12:42","guid":{"rendered":"http:\/\/www.feuerwehrkostheim.de\/?p=995"},"modified":"2018-06-02T14:06:47","modified_gmt":"2018-06-02T13:06:47","slug":"brennende-mulltonne-in-der-kostheimer-siedlung","status":"publish","type":"post","link":"https:\/\/www.feuerwehrkostheim.de\/?p=995","title":{"rendered":"Brennende M\u00fclltonne in der Kostheimer Siedlung"},"content":{"rendered":"<p><img loading=\"lazy\" decoding=\"async\" class=\"alignleft\" title=\"Einsatz-Logo\" src=\"http:\/\/www.feuerwehrkostheim.de\/wp-content\/bilder\/sonstige\/logo_einsatz.jpg\" alt=\"Einsatz-Logo\" width=\"100\" height=\"100\" \/><strong>04. September 2012 &#8211; 02:20 Uhr<\/strong><br \/>\n<strong>Grazer Stra\u00dfe<\/strong><br \/>\nEinzelfahrzeugalarmierung<br \/>\nEinsatz 32 &#8211; 2012<\/p>\n<p><a title=\"Brand einer GMT - 04.09.12 von FF-Kostheim bei Flickr\" href=\"http:\/\/www.flickr.com\/photos\/ffkostheim\/sets\/72157631405093352\/\" target=\"_blank\"><img loading=\"lazy\" decoding=\"async\" class=\"alignright\" src=\"http:\/\/farm9.staticflickr.com\/8295\/7930607736_6d08318594_m.jpg\" alt=\"Brand einer GMT - 04.09.12\" width=\"240\" height=\"180\" \/><\/a> Zu einer brennenden M\u00fclltone wurde das LF10\/10 der Kostheimer Wehr zusammen mit dem Basis-LF der Berufsfeuerwehr in die Grazer Stra\u00dfe alarmiert. Als das L\u00f6schfahrzeug aus Kostheim in der Siedlung eintraf, brannte ein geschmolzener Klumpen Plastik was zuvor noch eine Gro\u00dfraumm\u00fclltonne f\u00fcr Papier gewesen war. Eine Tonne gleichen Ausma\u00dfes konnte vor dem \u00dcbergreifen der Flammen von der zuvor eingetroffenen Polizeistreife weggeschoben werden. Die Wehrm\u00e4nner nahmen ein Strahlrohr vor und l\u00f6schten die brennenden \u00dcberreste. Die Verst\u00e4rkung der Berufsfeuerwehr konnte die Einsatzfahrt abbrechen und wieder einr\u00fccken. Nachdem das Feuer gel\u00f6scht\u00a0 war und man einr\u00fccken wollte, bekam man von der Leitstelle einen Folgeauftrag &#8211; brennende Plastikteile in der M\u00fcnchhofstra\u00dfe<\/p>\n","protected":false},"excerpt":{"rendered":"<p>04. September 2012 &#8211; 02:20 Uhr Grazer Stra\u00dfe Einzelfahrzeugalarmierung Einsatz 32 &#8211; 2012 Zu einer brennenden M\u00fclltone wurde das LF10\/10 der Kostheimer Wehr zusammen mit dem Basis-LF der Berufsfeuerwehr in die Grazer Stra\u00dfe alarmiert. Als das L\u00f6schfahrzeug aus Kostheim in der Siedlung eintraf, brannte ein geschmolzener Klumpen Plastik was zuvor noch eine Gro\u00dfraumm\u00fclltonne f\u00fcr Papier [&hellip;]<\/p>\n","protected":false},"author":1,"featured_media":0,"comment_status":"closed","ping_status":"open","sticky":false,"template":"","format":"standard","meta":{"_et_pb_use_builder":"","_et_pb_old_content":"","_et_gb_content_width":"","_crdt_document":"","footnotes":""},"categories":[5],"tags":[50,31,49,358],"class_list":["post-995","post","type-post","status-publish","format-standard","hentry","category-einsatze","tag-brand","tag-feuer","tag-gmt","tag-papiertonne"],"_links":{"self":[{"href":"https:\/\/www.feuerwehrkostheim.de\/index.php?rest_route=\/wp\/v2\/posts\/995","targetHints":{"allow":["GET"]}}],"collection":[{"href":"https:\/\/www.feuerwehrkostheim.de\/index.php?rest_route=\/wp\/v2\/posts"}],"about":[{"href":"https:\/\/www.feuerwehrkostheim.de\/index.php?rest_route=\/wp\/v2\/types\/post"}],"author":[{"embeddable":true,"href":"https:\/\/www.feuerwehrkostheim.de\/index.php?rest_route=\/wp\/v2\/users\/1"}],"replies":[{"embeddable":true,"href":"https:\/\/www.feuerwehrkostheim.de\/index.php?rest_route=%2Fwp%2Fv2%2Fcomments&post=995"}],"version-history":[{"count":0,"href":"https:\/\/www.feuerwehrkostheim.de\/index.php?rest_route=\/wp\/v2\/posts\/995\/revisions"}],"wp:attachment":[{"href":"https:\/\/www.feuerwehrkostheim.de\/index.php?rest_route=%2Fwp%2Fv2%2Fmedia&parent=995"}],"wp:term":[{"taxonomy":"category","embeddable":true,"href":"https:\/\/www.feuerwehrkostheim.de\/index.php?rest_route=%2Fwp%2Fv2%2Fcategories&post=995"},{"taxonomy":"post_tag","embeddable":true,"href":"https:\/\/www.feuerwehrkostheim.de\/index.php?rest_route=%2Fwp%2Fv2%2Ftags&post=995"}],"curies":[{"name":"wp","href":"https:\/\/api.w.org\/{rel}","templated":true}]}}