{"id":9153,"date":"2026-09-03T14:40:49","date_gmt":"2026-09-03T13:40:49","guid":{"rendered":"https:\/\/www.feuerwehrkostheim.de\/?p=9153"},"modified":"2026-09-03T14:41:20","modified_gmt":"2026-09-03T13:41:20","slug":"verdacht-auf-pkw-brand-3","status":"publish","type":"post","link":"https:\/\/www.feuerwehrkostheim.de\/?p=9153","title":{"rendered":"Verdacht auf PKW-Brand"},"content":{"rendered":"\n<p class=\"wp-block-paragraph\"><strong>&#x1f6a8; 79 \/ 2026<br>&#x1f4c5; 03.09.26 \u2013 &#x1f556; 10:25 Uhr<\/strong><br>&#x1f4cd; Boelckestra\u00dfe \/ B455<br>&#x1f4df; F 1<br>&#x26a0;&#xfe0f; Verdacht PKW-Brand<\/p>\n\n\n\n<p class=\"wp-block-paragraph\">Gerade als die Kostheimer und Kasteler Wehren von der Einsatzstelle in der Castellumstra\u00dfe abr\u00fccken wollten, erhielten beide einen Folgeauftrag im Bereich der Boelckestra\u00dfe. Von dort wurde ein vermutlich brennender PKW gemeldet. <\/p>\n\n\n\n<p class=\"wp-block-paragraph\">Bei der \u00dcberpr\u00fcfung der angegebenen \u00d6rtlichkeit konnte man auf Anhieb keine Feststellung machen, sodass man weiter in Richtung Wiesbaden fuhr und dort, in der N\u00e4he der Autobahnauffahrten, ein Pannenfahrzeug antreffen konnte. Da hier lediglich ein technischer Defekt im Motorbereich vorlag, konnte dieser Einsatz zeitnah wieder beendet werden und die Kr\u00e4fte r\u00fcckten an ihren Standort wieder ein.<\/p>\n","protected":false},"excerpt":{"rendered":"<p>&#x1f6a8; 79 \/ 2026&#x1f4c5; 03.09.26 \u2013 &#x1f556; 10:25 Uhr&#x1f4cd; Boelckestra\u00dfe \/ B455&#x1f4df; F 1&#x26a0;&#xfe0f; Verdacht PKW-Brand Gerade als die Kostheimer und Kasteler Wehren von der Einsatzstelle in der Castellumstra\u00dfe abr\u00fccken wollten, erhielten beide einen Folgeauftrag im Bereich der Boelckestra\u00dfe. Von dort wurde ein vermutlich brennender PKW gemeldet. Bei der \u00dcberpr\u00fcfung der angegebenen \u00d6rtlichkeit konnte man [&hellip;]<\/p>\n","protected":false},"author":1,"featured_media":0,"comment_status":"closed","ping_status":"open","sticky":false,"template":"","format":"standard","meta":{"_et_pb_use_builder":"","_et_pb_old_content":"","_et_gb_content_width":"","footnotes":""},"categories":[4,5],"tags":[110,1172,1262,113,163,205],"class_list":["post-9153","post","type-post","status-publish","format-standard","hentry","category-einsatzabteilung","category-einsatze","tag-alarmgruppe","tag-defekt","tag-f1","tag-fehlalarm","tag-pkw-brand","tag-verdacht"],"_links":{"self":[{"href":"https:\/\/www.feuerwehrkostheim.de\/index.php?rest_route=\/wp\/v2\/posts\/9153","targetHints":{"allow":["GET"]}}],"collection":[{"href":"https:\/\/www.feuerwehrkostheim.de\/index.php?rest_route=\/wp\/v2\/posts"}],"about":[{"href":"https:\/\/www.feuerwehrkostheim.de\/index.php?rest_route=\/wp\/v2\/types\/post"}],"author":[{"embeddable":true,"href":"https:\/\/www.feuerwehrkostheim.de\/index.php?rest_route=\/wp\/v2\/users\/1"}],"replies":[{"embeddable":true,"href":"https:\/\/www.feuerwehrkostheim.de\/index.php?rest_route=%2Fwp%2Fv2%2Fcomments&post=9153"}],"version-history":[{"count":2,"href":"https:\/\/www.feuerwehrkostheim.de\/index.php?rest_route=\/wp\/v2\/posts\/9153\/revisions"}],"predecessor-version":[{"id":9155,"href":"https:\/\/www.feuerwehrkostheim.de\/index.php?rest_route=\/wp\/v2\/posts\/9153\/revisions\/9155"}],"wp:attachment":[{"href":"https:\/\/www.feuerwehrkostheim.de\/index.php?rest_route=%2Fwp%2Fv2%2Fmedia&parent=9153"}],"wp:term":[{"taxonomy":"category","embeddable":true,"href":"https:\/\/www.feuerwehrkostheim.de\/index.php?rest_route=%2Fwp%2Fv2%2Fcategories&post=9153"},{"taxonomy":"post_tag","embeddable":true,"href":"https:\/\/www.feuerwehrkostheim.de\/index.php?rest_route=%2Fwp%2Fv2%2Ftags&post=9153"}],"curies":[{"name":"wp","href":"https:\/\/api.w.org\/{rel}","templated":true}]}}