{"id":9151,"date":"2026-09-03T14:34:56","date_gmt":"2026-09-03T13:34:56","guid":{"rendered":"https:\/\/www.feuerwehrkostheim.de\/?p=9151"},"modified":"2026-09-03T14:41:45","modified_gmt":"2026-09-03T13:41:45","slug":"feuer-in-kleingartenanlage","status":"publish","type":"post","link":"https:\/\/www.feuerwehrkostheim.de\/?p=9151","title":{"rendered":"Feuer in Kleingartenanlage"},"content":{"rendered":"\n<figure class=\"wp-block-image alignright size-large is-resized\"><img loading=\"lazy\" decoding=\"async\" width=\"895\" height=\"1024\" src=\"https:\/\/www.feuerwehrkostheim.de\/wp-content\/uploads\/2026\/09\/2026-09-03-F2-Gartenhuetten-895x1024.jpg\" alt=\"\" class=\"wp-image-9150\" style=\"aspect-ratio:0.8740352766492078;width:320px;height:auto\"\/><\/figure>\n\n\n\n<p class=\"wp-block-paragraph\"><strong>&#x1f6a8; 78 \/ 2026<br>&#x1f4c5; 03.09.26 \u2013 &#x1f556; 09:12 Uhr<\/strong><br>&#x1f4cd; Castellumstra\u00dfe<br>&#x1f4df; F 2<br>&#x26a0;&#xfe0f; Gartenhausbrand<\/p>\n\n\n\n<p class=\"wp-block-paragraph\">Eine weithin sichtbare Rauchs\u00e4ule lotste die Feuerwehr am Donnerstagmorgen zu einem Feuer im Bereich der Kleing\u00e4rten in der Castellumstra\u00dfe. Neben dem L\u00f6schzug der Berufsfeuerwehr trafen auch die Kameraden der freiwilligen Wehren aus Kostheim sowie Kastel kurze Zeit sp\u00e4ter am Einsatzort ein. <\/p>\n\n\n\n<p class=\"wp-block-paragraph\">Das Feuer &#8211; es brannten diverse Gartenh\u00fctten bzw. Anbauten in einer kleinen Gartenkolonie &#8211; wurde umgehend mit zwei Strahlrohren bek\u00e4mpft. Zuvor verhinderte man mittels einer Riegelstellung die Ausbreitung des Brandes auf die n\u00e4here Umgebung. So konnten die Flammen schnell gel\u00f6scht und die Nachl\u00f6scharbeiten begonnen werden.<\/p>\n\n\n\n<p class=\"wp-block-paragraph\">Gut anderthalbstunden sp\u00e4ter war der Einsatz f\u00fcr die Feuerwehr beendet. Die Polizei \u00fcbernahm die Ermittlungen zur Brandursache.<\/p>\n","protected":false},"excerpt":{"rendered":"<p>&#x1f6a8; 78 \/ 2026&#x1f4c5; 03.09.26 \u2013 &#x1f556; 09:12 Uhr&#x1f4cd; Castellumstra\u00dfe&#x1f4df; F 2&#x26a0;&#xfe0f; Gartenhausbrand Eine weithin sichtbare Rauchs\u00e4ule lotste die Feuerwehr am Donnerstagmorgen zu einem Feuer im Bereich der Kleing\u00e4rten in der Castellumstra\u00dfe. Neben dem L\u00f6schzug der Berufsfeuerwehr trafen auch die Kameraden der freiwilligen Wehren aus Kostheim sowie Kastel kurze Zeit sp\u00e4ter am Einsatzort ein. Das [&hellip;]<\/p>\n","protected":false},"author":1,"featured_media":0,"comment_status":"closed","ping_status":"open","sticky":false,"template":"","format":"standard","meta":{"_et_pb_use_builder":"","_et_pb_old_content":"","_et_gb_content_width":"","footnotes":""},"categories":[4,5],"tags":[110,1265,31,324,1343,111],"class_list":["post-9151","post","type-post","status-publish","format-standard","hentry","category-einsatzabteilung","category-einsatze","tag-alarmgruppe","tag-f2","tag-feuer","tag-gartenhaus","tag-kleingarten","tag-rauchentwicklung"],"_links":{"self":[{"href":"https:\/\/www.feuerwehrkostheim.de\/index.php?rest_route=\/wp\/v2\/posts\/9151","targetHints":{"allow":["GET"]}}],"collection":[{"href":"https:\/\/www.feuerwehrkostheim.de\/index.php?rest_route=\/wp\/v2\/posts"}],"about":[{"href":"https:\/\/www.feuerwehrkostheim.de\/index.php?rest_route=\/wp\/v2\/types\/post"}],"author":[{"embeddable":true,"href":"https:\/\/www.feuerwehrkostheim.de\/index.php?rest_route=\/wp\/v2\/users\/1"}],"replies":[{"embeddable":true,"href":"https:\/\/www.feuerwehrkostheim.de\/index.php?rest_route=%2Fwp%2Fv2%2Fcomments&post=9151"}],"version-history":[{"count":2,"href":"https:\/\/www.feuerwehrkostheim.de\/index.php?rest_route=\/wp\/v2\/posts\/9151\/revisions"}],"predecessor-version":[{"id":9156,"href":"https:\/\/www.feuerwehrkostheim.de\/index.php?rest_route=\/wp\/v2\/posts\/9151\/revisions\/9156"}],"wp:attachment":[{"href":"https:\/\/www.feuerwehrkostheim.de\/index.php?rest_route=%2Fwp%2Fv2%2Fmedia&parent=9151"}],"wp:term":[{"taxonomy":"category","embeddable":true,"href":"https:\/\/www.feuerwehrkostheim.de\/index.php?rest_route=%2Fwp%2Fv2%2Fcategories&post=9151"},{"taxonomy":"post_tag","embeddable":true,"href":"https:\/\/www.feuerwehrkostheim.de\/index.php?rest_route=%2Fwp%2Fv2%2Ftags&post=9151"}],"curies":[{"name":"wp","href":"https:\/\/api.w.org\/{rel}","templated":true}]}}