{"id":908,"date":"2012-07-02T21:45:33","date_gmt":"2012-07-02T19:45:33","guid":{"rendered":"http:\/\/www.feuerwehrkostheim.de\/?p=908"},"modified":"2018-06-02T14:06:48","modified_gmt":"2018-06-02T13:06:48","slug":"wohnungs-und-dachstuhlbrand-in-der-waldhofstrase","status":"publish","type":"post","link":"https:\/\/www.feuerwehrkostheim.de\/?p=908","title":{"rendered":"Wohnungs- und Dachstuhlbrand in der Waldhofstra\u00dfe"},"content":{"rendered":"<p><img loading=\"lazy\" decoding=\"async\" class=\"alignleft\" title=\"Einsatz-Logo\" src=\"http:\/\/www.feuerwehrkostheim.de\/wp-content\/bilder\/sonstige\/logo_einsatz.jpg\" alt=\"Einsatz-Logo\" width=\"100\" height=\"100\" \/><strong>01. Juli 2012 &#8211; 13:20 Uhr<\/strong><br \/>\n<strong>Waldhofstra\u00dfe 6<\/strong><br \/>\nFF-Einheit<br \/>\nEinsatz 25 &#8211; 2012<\/p>\n<p>Zu einem Dachstuhlbrand in der Waldhofstra\u00dfe wurde die Freiwillige Feuerwehr\u00a0 Kostheim und der L\u00f6schzug der Feuerwache 2 sowie das Basis-LF der Feuerwache 3 am Sonntag gegen 13:20 Uhr alarmiert. Als die ersten Einsatzkr\u00e4fte an der Doppelhaush\u00e4lfte eintrafen, schlugen die Flammen bereits aus dem obersten Stockwerk und dem Dach.<\/p>\n<p><!--more-->Die Hausbewohner hielten sich im Erdgeschoss des Hauses auf und bemerkten von der Entstehung des Brandes zun\u00e4chst nichts. Erst ein Zeuge bemerkte schlie\u00dflich Rauch und Flammen im Bereich des Daches und verst\u00e4ndigte die Feuerwehr. Gleichzeitig warnte er die Hausbewohner die das Geb\u00e4ude rechtzeitig und unverletzt verlassen konnten.<\/p>\n<p>Mit zwei C-Rohren wurde gegen die Flammen vorgegangen. Mit einem weiteren C-Rohr wurde von Au\u00dfen \u00fcber eine Drehleiter gel\u00f6scht. Das Feuer hatte sich bereits auf das Dach der Nachbarhaush\u00e4lfte \u00fcbergegriffen \u2013 eine weitere Brandausbreitung konnte die Feuerwehr aber verhindern.<\/p>\n<p>F\u00fcr die Nachl\u00f6scharbeiten r\u00fcckte eine zweite Drehleiter an die Geb\u00e4uder\u00fcckseite an, um die Dachhaut zu \u00f6ffnen und letzte Brandnester zu l\u00f6schen. Anschlie\u00dfend wurde das Dach mit einer Folie wetterfest abgedeckt. Die Freiwilligen Feuerwehren Kastel und Medenbach besetzten w\u00e4hrenddessen die Feuerwachen 2 und 3.<\/p>\n<p>Der entstandene Sachschaden wird nach Angaben der Polizei auf einen sechsstelligen Betrag gesch\u00e4tzt. W\u00e4hrend das Dachgeschoss durch das Feuer und den Brandru\u00df in Mitleidenschaft gezogen wurde, richtete vermutlich eine defekte Wasserleitung einen Wasserschaden im restlichen Haus an. Das Nachbarhaus bleibt aber bewohnbar. Die Kriminalpolizei hat die Ermittlungen zur Brandursache aufgenommen. Nach den bisherigen Feststellungen ist nicht auszuschlie\u00dfen, dass ein technischer Defekt urs\u00e4chlich f\u00fcr die Entstehung des Brandes gewesen sein k\u00f6nnte.<\/p>\n<p>Quelle: www.wiesbaden112.de<\/p>\n","protected":false},"excerpt":{"rendered":"<p>01. Juli 2012 &#8211; 13:20 Uhr Waldhofstra\u00dfe 6 FF-Einheit Einsatz 25 &#8211; 2012 Zu einem Dachstuhlbrand in der Waldhofstra\u00dfe wurde die Freiwillige Feuerwehr\u00a0 Kostheim und der L\u00f6schzug der Feuerwache 2 sowie das Basis-LF der Feuerwache 3 am Sonntag gegen 13:20 Uhr alarmiert. Als die ersten Einsatzkr\u00e4fte an der Doppelhaush\u00e4lfte eintrafen, schlugen die Flammen bereits aus [&hellip;]<\/p>\n","protected":false},"author":2,"featured_media":0,"comment_status":"closed","ping_status":"open","sticky":false,"template":"","format":"standard","meta":{"_et_pb_use_builder":"","_et_pb_old_content":"","_et_gb_content_width":"","_crdt_document":"","footnotes":""},"categories":[5],"tags":[305,304,31,111,343],"class_list":["post-908","post","type-post","status-publish","format-standard","hentry","category-einsatze","tag-dachstuhl","tag-dachstuhlbrand","tag-feuer","tag-rauchentwicklung","tag-waldhofstrase"],"_links":{"self":[{"href":"https:\/\/www.feuerwehrkostheim.de\/index.php?rest_route=\/wp\/v2\/posts\/908","targetHints":{"allow":["GET"]}}],"collection":[{"href":"https:\/\/www.feuerwehrkostheim.de\/index.php?rest_route=\/wp\/v2\/posts"}],"about":[{"href":"https:\/\/www.feuerwehrkostheim.de\/index.php?rest_route=\/wp\/v2\/types\/post"}],"author":[{"embeddable":true,"href":"https:\/\/www.feuerwehrkostheim.de\/index.php?rest_route=\/wp\/v2\/users\/2"}],"replies":[{"embeddable":true,"href":"https:\/\/www.feuerwehrkostheim.de\/index.php?rest_route=%2Fwp%2Fv2%2Fcomments&post=908"}],"version-history":[{"count":0,"href":"https:\/\/www.feuerwehrkostheim.de\/index.php?rest_route=\/wp\/v2\/posts\/908\/revisions"}],"wp:attachment":[{"href":"https:\/\/www.feuerwehrkostheim.de\/index.php?rest_route=%2Fwp%2Fv2%2Fmedia&parent=908"}],"wp:term":[{"taxonomy":"category","embeddable":true,"href":"https:\/\/www.feuerwehrkostheim.de\/index.php?rest_route=%2Fwp%2Fv2%2Fcategories&post=908"},{"taxonomy":"post_tag","embeddable":true,"href":"https:\/\/www.feuerwehrkostheim.de\/index.php?rest_route=%2Fwp%2Fv2%2Ftags&post=908"}],"curies":[{"name":"wp","href":"https:\/\/api.w.org\/{rel}","templated":true}]}}