{"id":8847,"date":"2026-03-09T08:33:58","date_gmt":"2026-03-09T07:33:58","guid":{"rendered":"https:\/\/www.feuerwehrkostheim.de\/?p=8847"},"modified":"2026-03-09T08:34:23","modified_gmt":"2026-03-09T07:34:23","slug":"muelleimer-brennt-auf-der-maaraue-2","status":"publish","type":"post","link":"https:\/\/www.feuerwehrkostheim.de\/?p=8847","title":{"rendered":"M\u00fclleimer brennt auf der Maaraue"},"content":{"rendered":"\n<figure class=\"wp-block-image alignright size-large is-resized\"><img loading=\"lazy\" decoding=\"async\" width=\"768\" height=\"1024\" src=\"https:\/\/www.feuerwehrkostheim.de\/wp-content\/uploads\/2026\/03\/2026-03-07-F1-Maaraue-768x1024.jpeg\" alt=\"\" class=\"wp-image-8846\" style=\"aspect-ratio:0.7500123098133832;width:172px;height:auto\"\/><\/figure>\n\n\n\n<p class=\"wp-block-paragraph\"><strong>&#x1f6a8; 22 \/ 2026<br>&#x1f4c5; 07.03.26 \u2013 &#x1f556; 20:20 Uhr<\/strong><br> &#x1f4cd; Franziska-Retzinger-Promenade (Maaraue)<br>&#x1f4df; F 1<br>&#x26a0;&#xfe0f; Brennt M\u00fcllbeh\u00e4lter<\/p>\n\n\n\n<p class=\"wp-block-paragraph\">Am Samstagabend r\u00fcckten Berufsfeuerwehr und Freiwillige Feuerwehr Kostheim mit jeweils einem L\u00f6schfahrzeug zu einer brennenden M\u00fclltonne auf der Maaraue aus. <\/p>\n\n\n\n<p class=\"wp-block-paragraph\">Obwohl beim Eintreffen an der gro\u00dfen Grillwiese der Plastikkorpus des M\u00fcllbeh\u00e4lters in seiner Metalleinhausung bereits weitestgehend niedergerannt war, nahmen die ehrenamtlichen Feuerwehrkr\u00e4fte ein Strahlrohr vor und l\u00f6schten die \u00dcberreste vollst\u00e4ndig ab.<\/p>\n\n\n\n<p class=\"wp-block-paragraph\">Nach etwa 20 Minuten war der Einsatz beendet.<\/p>\n","protected":false},"excerpt":{"rendered":"<p>&#x1f6a8; 22 \/ 2026&#x1f4c5; 07.03.26 \u2013 &#x1f556; 20:20 Uhr &#x1f4cd; Franziska-Retzinger-Promenade (Maaraue)&#x1f4df; F 1&#x26a0;&#xfe0f; Brennt M\u00fcllbeh\u00e4lter Am Samstagabend r\u00fcckten Berufsfeuerwehr und Freiwillige Feuerwehr Kostheim mit jeweils einem L\u00f6schfahrzeug zu einer brennenden M\u00fclltonne auf der Maaraue aus. Obwohl beim Eintreffen an der gro\u00dfen Grillwiese der Plastikkorpus des M\u00fcllbeh\u00e4lters in seiner Metalleinhausung bereits weitestgehend niedergerannt war, nahmen [&hellip;]<\/p>\n","protected":false},"author":1,"featured_media":0,"comment_status":"closed","ping_status":"open","sticky":false,"template":"","format":"standard","meta":{"_et_pb_use_builder":"","_et_pb_old_content":"","_et_gb_content_width":"","_crdt_document":"","footnotes":""},"categories":[4,5],"tags":[50,1262,298,301,153,314,1760],"class_list":["post-8847","post","type-post","status-publish","format-standard","hentry","category-einsatzabteilung","category-einsatze","tag-brand","tag-f1","tag-maaraue","tag-mullbehalter","tag-mulltonne","tag-nachloscharbeiten","tag-strahlrohr"],"_links":{"self":[{"href":"https:\/\/www.feuerwehrkostheim.de\/index.php?rest_route=\/wp\/v2\/posts\/8847","targetHints":{"allow":["GET"]}}],"collection":[{"href":"https:\/\/www.feuerwehrkostheim.de\/index.php?rest_route=\/wp\/v2\/posts"}],"about":[{"href":"https:\/\/www.feuerwehrkostheim.de\/index.php?rest_route=\/wp\/v2\/types\/post"}],"author":[{"embeddable":true,"href":"https:\/\/www.feuerwehrkostheim.de\/index.php?rest_route=\/wp\/v2\/users\/1"}],"replies":[{"embeddable":true,"href":"https:\/\/www.feuerwehrkostheim.de\/index.php?rest_route=%2Fwp%2Fv2%2Fcomments&post=8847"}],"version-history":[{"count":2,"href":"https:\/\/www.feuerwehrkostheim.de\/index.php?rest_route=\/wp\/v2\/posts\/8847\/revisions"}],"predecessor-version":[{"id":8849,"href":"https:\/\/www.feuerwehrkostheim.de\/index.php?rest_route=\/wp\/v2\/posts\/8847\/revisions\/8849"}],"wp:attachment":[{"href":"https:\/\/www.feuerwehrkostheim.de\/index.php?rest_route=%2Fwp%2Fv2%2Fmedia&parent=8847"}],"wp:term":[{"taxonomy":"category","embeddable":true,"href":"https:\/\/www.feuerwehrkostheim.de\/index.php?rest_route=%2Fwp%2Fv2%2Fcategories&post=8847"},{"taxonomy":"post_tag","embeddable":true,"href":"https:\/\/www.feuerwehrkostheim.de\/index.php?rest_route=%2Fwp%2Fv2%2Ftags&post=8847"}],"curies":[{"name":"wp","href":"https:\/\/api.w.org\/{rel}","templated":true}]}}