{"id":8788,"date":"2026-01-26T08:11:42","date_gmt":"2026-01-26T07:11:42","guid":{"rendered":"https:\/\/www.feuerwehrkostheim.de\/?p=8788"},"modified":"2026-01-26T08:11:45","modified_gmt":"2026-01-26T07:11:45","slug":"brandverdacht-in-der-siedlung-11","status":"publish","type":"post","link":"https:\/\/www.feuerwehrkostheim.de\/?p=8788","title":{"rendered":"Brandverdacht in der Siedlung"},"content":{"rendered":"\n<p class=\"wp-block-paragraph\"><strong>&#x1f6a8; 10 \/ 2026<br>&#x1f4c5; 25.01.26 \u2013 &#x1f556; 17:06 Uhr<\/strong><br>&#x1f4cd; Grazer Stra\u00dfe<br>&#x1f4df; F 2<br>&#x26a0;&#xfe0f; Brandverdacht<\/p>\n\n\n\n<p class=\"wp-block-paragraph\">Am fr\u00fchen Sonntagabend wurde die Kostheimer Feuerwehr alarmiert, um zu einem gemeldeten Brandverdacht in der Grazer Stra\u00dfe auszur\u00fccken. Zusammen mit dem L\u00f6schzug der Berufsfeuerwehr steuerte man die Einsatzstelle in der Siedlung an und konnte bei der Erkundung feststellen, dass die Ursache f\u00fcr die gemeldete Rauchentwicklung durch das Vorbereiten und Anfeuern eines Grills entstand.<\/p>\n\n\n\n<p class=\"wp-block-paragraph\">Ohne eine weitere T\u00e4tigkeit konnten alle Kr\u00e4fte wieder den Nachhauseweg antreten.<\/p>\n","protected":false},"excerpt":{"rendered":"<p>&#x1f6a8; 10 \/ 2026&#x1f4c5; 25.01.26 \u2013 &#x1f556; 17:06 Uhr&#x1f4cd; Grazer Stra\u00dfe&#x1f4df; F 2&#x26a0;&#xfe0f; Brandverdacht Am fr\u00fchen Sonntagabend wurde die Kostheimer Feuerwehr alarmiert, um zu einem gemeldeten Brandverdacht in der Grazer Stra\u00dfe auszur\u00fccken. Zusammen mit dem L\u00f6schzug der Berufsfeuerwehr steuerte man die Einsatzstelle in der Siedlung an und konnte bei der Erkundung feststellen, dass die Ursache [&hellip;]<\/p>\n","protected":false},"author":1,"featured_media":0,"comment_status":"closed","ping_status":"open","sticky":false,"template":"","format":"standard","meta":{"_et_pb_use_builder":"","_et_pb_old_content":"","_et_gb_content_width":"","_crdt_document":"","footnotes":""},"categories":[4,5],"tags":[112,1265,113,111],"class_list":["post-8788","post","type-post","status-publish","format-standard","hentry","category-einsatzabteilung","category-einsatze","tag-brandverdacht","tag-f2","tag-fehlalarm","tag-rauchentwicklung"],"_links":{"self":[{"href":"https:\/\/www.feuerwehrkostheim.de\/index.php?rest_route=\/wp\/v2\/posts\/8788","targetHints":{"allow":["GET"]}}],"collection":[{"href":"https:\/\/www.feuerwehrkostheim.de\/index.php?rest_route=\/wp\/v2\/posts"}],"about":[{"href":"https:\/\/www.feuerwehrkostheim.de\/index.php?rest_route=\/wp\/v2\/types\/post"}],"author":[{"embeddable":true,"href":"https:\/\/www.feuerwehrkostheim.de\/index.php?rest_route=\/wp\/v2\/users\/1"}],"replies":[{"embeddable":true,"href":"https:\/\/www.feuerwehrkostheim.de\/index.php?rest_route=%2Fwp%2Fv2%2Fcomments&post=8788"}],"version-history":[{"count":1,"href":"https:\/\/www.feuerwehrkostheim.de\/index.php?rest_route=\/wp\/v2\/posts\/8788\/revisions"}],"predecessor-version":[{"id":8789,"href":"https:\/\/www.feuerwehrkostheim.de\/index.php?rest_route=\/wp\/v2\/posts\/8788\/revisions\/8789"}],"wp:attachment":[{"href":"https:\/\/www.feuerwehrkostheim.de\/index.php?rest_route=%2Fwp%2Fv2%2Fmedia&parent=8788"}],"wp:term":[{"taxonomy":"category","embeddable":true,"href":"https:\/\/www.feuerwehrkostheim.de\/index.php?rest_route=%2Fwp%2Fv2%2Fcategories&post=8788"},{"taxonomy":"post_tag","embeddable":true,"href":"https:\/\/www.feuerwehrkostheim.de\/index.php?rest_route=%2Fwp%2Fv2%2Ftags&post=8788"}],"curies":[{"name":"wp","href":"https:\/\/api.w.org\/{rel}","templated":true}]}}