{"id":8786,"date":"2026-01-26T08:04:08","date_gmt":"2026-01-26T07:04:08","guid":{"rendered":"https:\/\/www.feuerwehrkostheim.de\/?p=8786"},"modified":"2026-01-26T08:04:14","modified_gmt":"2026-01-26T07:04:14","slug":"verdacht-auf-kaminbrand-bestaetigt-sich-nicht","status":"publish","type":"post","link":"https:\/\/www.feuerwehrkostheim.de\/?p=8786","title":{"rendered":"Verdacht auf Kaminbrand best\u00e4tigt sich nicht"},"content":{"rendered":"\n<p class=\"wp-block-paragraph\"><strong>&#x1f6a8; 09 \/ 2026<br>&#x1f4c5; 21.01.26 \u2013 &#x1f556; 14:06 Uhr<\/strong><br>&#x1f4cd; Wilhelmstra\u00dfe<br>&#x1f4df; F 2<br>&#x26a0;&#xfe0f; Verdacht Kaminbrand<\/p>\n\n\n\n<p class=\"wp-block-paragraph\">Bereits am vergangenen Mittwoch r\u00fcckte die Kostheimer Feuerwehr gemeinsam mit der Berufsfeuerwehr und den Kollegen aus Kastel in die Wilhelmstra\u00dfe aus, da dort der Verdacht eines Kaminbrandes gemeldet wurde.<\/p>\n\n\n\n<p class=\"wp-block-paragraph\">Nach dem Eintreffen der ersten Kr\u00e4fte und der durchgef\u00fchrten \u00dcberpr\u00fcfung konnte jedoch schnell Entwarnung gegeben werden. Der zum betroffenen Kamin geh\u00f6rende Ofen wurde ordnungsgem\u00e4\u00df angez\u00fcndet und befand sich danach in bestimmungsgem\u00e4\u00dfen Betrieb. Die Feuerwehr r\u00fcckte kurzerhand wieder ein.<\/p>\n","protected":false},"excerpt":{"rendered":"<p>&#x1f6a8; 09 \/ 2026&#x1f4c5; 21.01.26 \u2013 &#x1f556; 14:06 Uhr&#x1f4cd; Wilhelmstra\u00dfe&#x1f4df; F 2&#x26a0;&#xfe0f; Verdacht Kaminbrand Bereits am vergangenen Mittwoch r\u00fcckte die Kostheimer Feuerwehr gemeinsam mit der Berufsfeuerwehr und den Kollegen aus Kastel in die Wilhelmstra\u00dfe aus, da dort der Verdacht eines Kaminbrandes gemeldet wurde. Nach dem Eintreffen der ersten Kr\u00e4fte und der durchgef\u00fchrten \u00dcberpr\u00fcfung konnte jedoch [&hellip;]<\/p>\n","protected":false},"author":1,"featured_media":0,"comment_status":"closed","ping_status":"open","sticky":false,"template":"","format":"standard","meta":{"_et_pb_use_builder":"","_et_pb_old_content":"","_et_gb_content_width":"","_crdt_document":"","footnotes":""},"categories":[4,5],"tags":[110,1265,113,205],"class_list":["post-8786","post","type-post","status-publish","format-standard","hentry","category-einsatzabteilung","category-einsatze","tag-alarmgruppe","tag-f2","tag-fehlalarm","tag-verdacht"],"_links":{"self":[{"href":"https:\/\/www.feuerwehrkostheim.de\/index.php?rest_route=\/wp\/v2\/posts\/8786","targetHints":{"allow":["GET"]}}],"collection":[{"href":"https:\/\/www.feuerwehrkostheim.de\/index.php?rest_route=\/wp\/v2\/posts"}],"about":[{"href":"https:\/\/www.feuerwehrkostheim.de\/index.php?rest_route=\/wp\/v2\/types\/post"}],"author":[{"embeddable":true,"href":"https:\/\/www.feuerwehrkostheim.de\/index.php?rest_route=\/wp\/v2\/users\/1"}],"replies":[{"embeddable":true,"href":"https:\/\/www.feuerwehrkostheim.de\/index.php?rest_route=%2Fwp%2Fv2%2Fcomments&post=8786"}],"version-history":[{"count":1,"href":"https:\/\/www.feuerwehrkostheim.de\/index.php?rest_route=\/wp\/v2\/posts\/8786\/revisions"}],"predecessor-version":[{"id":8787,"href":"https:\/\/www.feuerwehrkostheim.de\/index.php?rest_route=\/wp\/v2\/posts\/8786\/revisions\/8787"}],"wp:attachment":[{"href":"https:\/\/www.feuerwehrkostheim.de\/index.php?rest_route=%2Fwp%2Fv2%2Fmedia&parent=8786"}],"wp:term":[{"taxonomy":"category","embeddable":true,"href":"https:\/\/www.feuerwehrkostheim.de\/index.php?rest_route=%2Fwp%2Fv2%2Fcategories&post=8786"},{"taxonomy":"post_tag","embeddable":true,"href":"https:\/\/www.feuerwehrkostheim.de\/index.php?rest_route=%2Fwp%2Fv2%2Ftags&post=8786"}],"curies":[{"name":"wp","href":"https:\/\/api.w.org\/{rel}","templated":true}]}}