{"id":8691,"date":"2025-11-29T14:36:59","date_gmt":"2025-11-29T13:36:59","guid":{"rendered":"https:\/\/www.feuerwehrkostheim.de\/?p=8691"},"modified":"2025-11-29T14:37:01","modified_gmt":"2025-11-29T13:37:01","slug":"alle-jahre-wieder-2","status":"publish","type":"post","link":"https:\/\/www.feuerwehrkostheim.de\/?p=8691","title":{"rendered":"Alle Jahre wieder &#8230;"},"content":{"rendered":"\n<figure class=\"wp-block-image alignright size-large is-resized\"><img loading=\"lazy\" decoding=\"async\" width=\"768\" height=\"1024\" src=\"https:\/\/www.feuerwehrkostheim.de\/wp-content\/uploads\/2025\/11\/2025-11-28-Baumstellen-768x1024.jpeg\" alt=\"\" class=\"wp-image-8690\" style=\"aspect-ratio:0.7500129634430904;width:168px;height:auto\"\/><\/figure>\n\n\n\n<p class=\"wp-block-paragraph\">&#8230; so lautet nicht nur ein sehr bekanntes Weihnachtslied, sondern alle Jahre wieder werden die Weihnachtsb\u00e4ume am B\u00fcrgerhaus sowie am Weinstand durch die Einsatzabteilung der Kostheimer Feuerwehr aufgestellt.<\/p>\n\n\n\n<p class=\"wp-block-paragraph\">So auch in diesem Jahr, wo man sich am Freitag vor dem ersten Advent Nachmittags traf und nacheinander die vor Ort abgelegten Tannen vom Transportnetz befreite und danach aufrichtete.<\/p>\n\n\n\n<p class=\"wp-block-paragraph\">Etwas mehr als eine Stunde ben\u00f6tigte man, bis die Arbeit getan war. Im n\u00e4chsten Schritt werden B\u00e4ume am Samstag geschm\u00fcckt, sodass sie p\u00fcnktlich zum ersten Advent im feierlichen Glanz erstrahlen.<\/p>\n","protected":false},"excerpt":{"rendered":"<p>&#8230; so lautet nicht nur ein sehr bekanntes Weihnachtslied, sondern alle Jahre wieder werden die Weihnachtsb\u00e4ume am B\u00fcrgerhaus sowie am Weinstand durch die Einsatzabteilung der Kostheimer Feuerwehr aufgestellt. So auch in diesem Jahr, wo man sich am Freitag vor dem ersten Advent Nachmittags traf und nacheinander die vor Ort abgelegten Tannen vom Transportnetz befreite und [&hellip;]<\/p>\n","protected":false},"author":1,"featured_media":0,"comment_status":"closed","ping_status":"open","sticky":false,"template":"","format":"standard","meta":{"_et_pb_use_builder":"","_et_pb_old_content":"","_et_gb_content_width":"","_crdt_document":"","footnotes":""},"categories":[4],"tags":[1892,706,1816,1893],"class_list":["post-8691","post","type-post","status-publish","format-standard","hentry","category-einsatzabteilung","tag-aufstellen","tag-buergerhaus","tag-weihnachtsbaeume","tag-weinstand"],"_links":{"self":[{"href":"https:\/\/www.feuerwehrkostheim.de\/index.php?rest_route=\/wp\/v2\/posts\/8691","targetHints":{"allow":["GET"]}}],"collection":[{"href":"https:\/\/www.feuerwehrkostheim.de\/index.php?rest_route=\/wp\/v2\/posts"}],"about":[{"href":"https:\/\/www.feuerwehrkostheim.de\/index.php?rest_route=\/wp\/v2\/types\/post"}],"author":[{"embeddable":true,"href":"https:\/\/www.feuerwehrkostheim.de\/index.php?rest_route=\/wp\/v2\/users\/1"}],"replies":[{"embeddable":true,"href":"https:\/\/www.feuerwehrkostheim.de\/index.php?rest_route=%2Fwp%2Fv2%2Fcomments&post=8691"}],"version-history":[{"count":2,"href":"https:\/\/www.feuerwehrkostheim.de\/index.php?rest_route=\/wp\/v2\/posts\/8691\/revisions"}],"predecessor-version":[{"id":8693,"href":"https:\/\/www.feuerwehrkostheim.de\/index.php?rest_route=\/wp\/v2\/posts\/8691\/revisions\/8693"}],"wp:attachment":[{"href":"https:\/\/www.feuerwehrkostheim.de\/index.php?rest_route=%2Fwp%2Fv2%2Fmedia&parent=8691"}],"wp:term":[{"taxonomy":"category","embeddable":true,"href":"https:\/\/www.feuerwehrkostheim.de\/index.php?rest_route=%2Fwp%2Fv2%2Fcategories&post=8691"},{"taxonomy":"post_tag","embeddable":true,"href":"https:\/\/www.feuerwehrkostheim.de\/index.php?rest_route=%2Fwp%2Fv2%2Ftags&post=8691"}],"curies":[{"name":"wp","href":"https:\/\/api.w.org\/{rel}","templated":true}]}}