{"id":8641,"date":"2025-10-20T16:54:12","date_gmt":"2025-10-20T15:54:12","guid":{"rendered":"https:\/\/www.feuerwehrkostheim.de\/?p=8641"},"modified":"2025-10-20T16:54:16","modified_gmt":"2025-10-20T15:54:16","slug":"brennende-hecke-muss-geloescht-werden","status":"publish","type":"post","link":"https:\/\/www.feuerwehrkostheim.de\/?p=8641","title":{"rendered":"Brennende Hecke muss gel\u00f6scht werden"},"content":{"rendered":"\n<p class=\"wp-block-paragraph\"><strong>&#x1f6a8; 75 \/ 2025<br>&#x1f4c5; 18.10.25 \u2013 &#x1f556; 18:03 Uhr<\/strong><br>&#x1f4cd; M\u00fcfflingstra\u00dfe<br>&#x1f4df; F 1<br>&#x26a0;&#xfe0f; brennt Hecke<\/p>\n\n\n\n<p class=\"wp-block-paragraph\">Wegen einer brennenden Hecke musste die Kostheimer Feuerwehr sowie die Berufsfeuerwehr am fr\u00fchen Samstagabend in die M\u00fcfflingstra\u00dfe ausr\u00fccken. Vor Ort eingetroffen, konnte der Brand durch die hauptamtlichen Kr\u00e4fte schnell gel\u00f6scht und somit eine Ausbreitung verhindert werden. Nach einer halben Stunde waren die Arbeiten beendet und man konnte wieder einr\u00fccken.<\/p>\n","protected":false},"excerpt":{"rendered":"<p>&#x1f6a8; 75 \/ 2025&#x1f4c5; 18.10.25 \u2013 &#x1f556; 18:03 Uhr&#x1f4cd; M\u00fcfflingstra\u00dfe&#x1f4df; F 1&#x26a0;&#xfe0f; brennt Hecke Wegen einer brennenden Hecke musste die Kostheimer Feuerwehr sowie die Berufsfeuerwehr am fr\u00fchen Samstagabend in die M\u00fcfflingstra\u00dfe ausr\u00fccken. Vor Ort eingetroffen, konnte der Brand durch die hauptamtlichen Kr\u00e4fte schnell gel\u00f6scht und somit eine Ausbreitung verhindert werden. Nach einer halben Stunde waren [&hellip;]<\/p>\n","protected":false},"author":1,"featured_media":0,"comment_status":"closed","ping_status":"open","sticky":false,"template":"","format":"standard","meta":{"_et_pb_use_builder":"","_et_pb_old_content":"","_et_gb_content_width":"","_crdt_document":"","footnotes":""},"categories":[4,5],"tags":[50,1262,31,737],"class_list":["post-8641","post","type-post","status-publish","format-standard","hentry","category-einsatzabteilung","category-einsatze","tag-brand","tag-f1","tag-feuer","tag-hecke"],"_links":{"self":[{"href":"https:\/\/www.feuerwehrkostheim.de\/index.php?rest_route=\/wp\/v2\/posts\/8641","targetHints":{"allow":["GET"]}}],"collection":[{"href":"https:\/\/www.feuerwehrkostheim.de\/index.php?rest_route=\/wp\/v2\/posts"}],"about":[{"href":"https:\/\/www.feuerwehrkostheim.de\/index.php?rest_route=\/wp\/v2\/types\/post"}],"author":[{"embeddable":true,"href":"https:\/\/www.feuerwehrkostheim.de\/index.php?rest_route=\/wp\/v2\/users\/1"}],"replies":[{"embeddable":true,"href":"https:\/\/www.feuerwehrkostheim.de\/index.php?rest_route=%2Fwp%2Fv2%2Fcomments&post=8641"}],"version-history":[{"count":1,"href":"https:\/\/www.feuerwehrkostheim.de\/index.php?rest_route=\/wp\/v2\/posts\/8641\/revisions"}],"predecessor-version":[{"id":8642,"href":"https:\/\/www.feuerwehrkostheim.de\/index.php?rest_route=\/wp\/v2\/posts\/8641\/revisions\/8642"}],"wp:attachment":[{"href":"https:\/\/www.feuerwehrkostheim.de\/index.php?rest_route=%2Fwp%2Fv2%2Fmedia&parent=8641"}],"wp:term":[{"taxonomy":"category","embeddable":true,"href":"https:\/\/www.feuerwehrkostheim.de\/index.php?rest_route=%2Fwp%2Fv2%2Fcategories&post=8641"},{"taxonomy":"post_tag","embeddable":true,"href":"https:\/\/www.feuerwehrkostheim.de\/index.php?rest_route=%2Fwp%2Fv2%2Ftags&post=8641"}],"curies":[{"name":"wp","href":"https:\/\/api.w.org\/{rel}","templated":true}]}}