{"id":8587,"date":"2025-07-27T14:52:44","date_gmt":"2025-07-27T13:52:44","guid":{"rendered":"https:\/\/www.feuerwehrkostheim.de\/?p=8587"},"modified":"2025-07-27T14:56:38","modified_gmt":"2025-07-27T13:56:38","slug":"zweite-christmas-fire-truck-parade-jetzt-schon-den-13-dezember-vormerken","status":"publish","type":"post","link":"https:\/\/www.feuerwehrkostheim.de\/?p=8587","title":{"rendered":"Zweite Christmas-Fire-Truck-Parade \u2013 Jetzt schon den 13. Dezember vormerken!"},"content":{"rendered":"\n<p class=\"wp-block-paragraph\">Nach dem gro\u00dfen Erfolg im Dezember 2023 l\u00e4dt die Feuerwehr Kostheim auch in diesem Jahr wieder zur festlichen <em>Christmas Fire Truck Parade<\/em> ein! Am <strong>13. Dezember 202<\/strong>5 wird die Parade aus weihnachtlich geschm\u00fcckten Einsatzfahrzeugen erneut durch die Stra\u00dfen von Kostheim ziehen und Gro\u00df und Klein in Weihnachtsstimmung versetzen.<\/p>\n\n\n\n<p class=\"wp-block-paragraph\">Trotz des Regenwetters bei der ersten Parade war die Veranstaltung ein voller Erfolg, und der Zuspruch der Bev\u00f6lkerung war \u00fcberw\u00e4ltigend. Daher hat die Feuerwehr Kostheim beschlossen, dieses tolle Event zu wiederholen und die Kostheimerinnen und Kostheimer sowie alle Besucher zu einem magischen Abend voller Lichter und weihnachtlicher Stimmung einzuladen.<\/p>\n\n\n\n<p class=\"wp-block-paragraph\">Die Parade wird am Feuerwehrger\u00e4tehaus &#8220;Am Mainzer Weg&#8221; starten und dort auch enden. Zahlreiche Einsatzfahrzeuge der Feuerwehr und anderer Hilfsorganisationen werden mit festlicher Beleuchtung und Dekoration durch die Stra\u00dfen fahren und f\u00fcr ein unvergessliches Erlebnis sorgen.<\/p>\n\n\n\n<figure class=\"wp-block-image size-large\"><a href=\"https:\/\/www.feuerwehrkostheim.de\/wp-content\/uploads\/2025\/07\/CFTP-Banner-Facebook.png\"><img loading=\"lazy\" decoding=\"async\" width=\"1024\" height=\"536\" src=\"https:\/\/www.feuerwehrkostheim.de\/wp-content\/uploads\/2025\/07\/CFTP-Banner-Facebook-1024x536.png\" alt=\"\" class=\"wp-image-8586\" srcset=\"https:\/\/www.feuerwehrkostheim.de\/wp-content\/uploads\/2025\/07\/CFTP-Banner-Facebook-1024x536.png 1024w, https:\/\/www.feuerwehrkostheim.de\/wp-content\/uploads\/2025\/07\/CFTP-Banner-Facebook-980x513.png 980w, https:\/\/www.feuerwehrkostheim.de\/wp-content\/uploads\/2025\/07\/CFTP-Banner-Facebook-480x251.png 480w\" sizes=\"(min-width: 0px) and (max-width: 480px) 480px, (min-width: 481px) and (max-width: 980px) 980px, (min-width: 981px) 1024px, 100vw\" \/><\/a><\/figure>\n\n\n\n<p class=\"wp-block-paragraph\"><strong>Merkt euch also schon jetzt den 13. Dezember vor!<\/strong> Schaut vorbei, erlebt die weihnachtliche Atmosph\u00e4re und genie\u00dft die festlich geschm\u00fcckten Einsatzfahrzeuge. Ein Highlight f\u00fcr die ganze Familie, das ihr nicht verpassen solltet!<\/p>\n\n\n\n<p class=\"wp-block-paragraph\"><strong>Wir freuen uns auf euch!<\/strong> &#x1f384;&#x1f692;&#x1f385;<\/p>\n","protected":false},"excerpt":{"rendered":"<p>Nach dem gro\u00dfen Erfolg im Dezember 2023 l\u00e4dt die Feuerwehr Kostheim auch in diesem Jahr wieder zur festlichen Christmas Fire Truck Parade ein! Am 13. Dezember 2025 wird die Parade aus weihnachtlich geschm\u00fcckten Einsatzfahrzeugen erneut durch die Stra\u00dfen von Kostheim ziehen und Gro\u00df und Klein in Weihnachtsstimmung versetzen. Trotz des Regenwetters bei der ersten Parade [&hellip;]<\/p>\n","protected":false},"author":1,"featured_media":0,"comment_status":"closed","ping_status":"open","sticky":false,"template":"","format":"standard","meta":{"_et_pb_use_builder":"","_et_pb_old_content":"","_et_gb_content_width":"","_crdt_document":"","footnotes":""},"categories":[9],"tags":[1655,1656,1658,1679,189,696,1872],"class_list":["post-8587","post","type-post","status-publish","format-standard","hentry","category-veranstaltungen","tag-christmas","tag-fire","tag-parade","tag-strassen","tag-umzug","tag-weihnachten","tag-weihnachtlich"],"_links":{"self":[{"href":"https:\/\/www.feuerwehrkostheim.de\/index.php?rest_route=\/wp\/v2\/posts\/8587","targetHints":{"allow":["GET"]}}],"collection":[{"href":"https:\/\/www.feuerwehrkostheim.de\/index.php?rest_route=\/wp\/v2\/posts"}],"about":[{"href":"https:\/\/www.feuerwehrkostheim.de\/index.php?rest_route=\/wp\/v2\/types\/post"}],"author":[{"embeddable":true,"href":"https:\/\/www.feuerwehrkostheim.de\/index.php?rest_route=\/wp\/v2\/users\/1"}],"replies":[{"embeddable":true,"href":"https:\/\/www.feuerwehrkostheim.de\/index.php?rest_route=%2Fwp%2Fv2%2Fcomments&post=8587"}],"version-history":[{"count":2,"href":"https:\/\/www.feuerwehrkostheim.de\/index.php?rest_route=\/wp\/v2\/posts\/8587\/revisions"}],"predecessor-version":[{"id":8590,"href":"https:\/\/www.feuerwehrkostheim.de\/index.php?rest_route=\/wp\/v2\/posts\/8587\/revisions\/8590"}],"wp:attachment":[{"href":"https:\/\/www.feuerwehrkostheim.de\/index.php?rest_route=%2Fwp%2Fv2%2Fmedia&parent=8587"}],"wp:term":[{"taxonomy":"category","embeddable":true,"href":"https:\/\/www.feuerwehrkostheim.de\/index.php?rest_route=%2Fwp%2Fv2%2Fcategories&post=8587"},{"taxonomy":"post_tag","embeddable":true,"href":"https:\/\/www.feuerwehrkostheim.de\/index.php?rest_route=%2Fwp%2Fv2%2Ftags&post=8587"}],"curies":[{"name":"wp","href":"https:\/\/api.w.org\/{rel}","templated":true}]}}