{"id":8582,"date":"2025-07-27T13:53:20","date_gmt":"2025-07-27T12:53:20","guid":{"rendered":"https:\/\/www.feuerwehrkostheim.de\/?p=8582"},"modified":"2025-07-27T13:56:31","modified_gmt":"2025-07-27T12:56:31","slug":"mehrere-muelltonnen-gehen-in-flammen-auf","status":"publish","type":"post","link":"https:\/\/www.feuerwehrkostheim.de\/?p=8582","title":{"rendered":"Mehrere M\u00fclltonnen gehen in Flammen auf"},"content":{"rendered":"\n<p class=\"wp-block-paragraph\"><strong>&#x1f6a8; 64 \/ 2025<br>&#x1f4c5; 27.07.25 \u2013 &#x1f556; 01:49 Uhr<\/strong><br>&#x1f4cd; Steinern Stra\u00dfe<br>&#x1f4df; F 1<br>&#x26a0;&#xfe0f; brennende M\u00fclltonnen<\/p>\n\n\n\n<p class=\"wp-block-paragraph\">Gut zwei Stunden nach Ende des Wachbesetzungseinsatzes l\u00f6sten die Pager der Kostheimer Feuerwehr erneut aus und man r\u00fcckte zusammen mit den Kameraden der Berufsfeuerwehr in die Steinern Stra\u00dfe aus. Dort brannten drei Gro\u00dfraumm\u00fclltonnen auf einem abgetrennten M\u00fclltonnenplatz.<\/p>\n\n\n\n<p class=\"wp-block-paragraph\">Durch einen Trupp unter Atemschutz wurde das Feuer mit einem Strahlrohr gel\u00f6scht. Parallel kontrollierte man das angrenzende Mehrfamilienhaus, um auszuschlie\u00dfen, dass Brandrauch durch gekippte oder ge\u00f6ffnete Fenster in die Wohnr\u00e4ume eindringen konnte.<\/p>\n\n\n\n<p class=\"wp-block-paragraph\">Neben der Feuerwehr war auch die Polizei mit zwei Streifen vor Ort. <\/p>\n\n\n\n<figure class=\"wp-block-image size-large\"><img loading=\"lazy\" decoding=\"async\" width=\"2343\" height=\"1757\" src=\"https:\/\/www.feuerwehrkostheim.de\/wp-content\/uploads\/2025\/07\/2025-07-27-F1-edited.jpg\" alt=\"\" class=\"wp-image-8583\" srcset=\"https:\/\/www.feuerwehrkostheim.de\/wp-content\/uploads\/2025\/07\/2025-07-27-F1-edited.jpg 2343w, https:\/\/www.feuerwehrkostheim.de\/wp-content\/uploads\/2025\/07\/2025-07-27-F1-edited-1280x960.jpg 1280w, https:\/\/www.feuerwehrkostheim.de\/wp-content\/uploads\/2025\/07\/2025-07-27-F1-edited-980x735.jpg 980w, https:\/\/www.feuerwehrkostheim.de\/wp-content\/uploads\/2025\/07\/2025-07-27-F1-edited-480x360.jpg 480w\" sizes=\"(min-width: 0px) and (max-width: 480px) 480px, (min-width: 481px) and (max-width: 980px) 980px, (min-width: 981px) and (max-width: 1280px) 1280px, (min-width: 1281px) 2343px, 100vw\" \/><\/figure>\n","protected":false},"excerpt":{"rendered":"<p>&#x1f6a8; 64 \/ 2025&#x1f4c5; 27.07.25 \u2013 &#x1f556; 01:49 Uhr&#x1f4cd; Steinern Stra\u00dfe&#x1f4df; F 1&#x26a0;&#xfe0f; brennende M\u00fclltonnen Gut zwei Stunden nach Ende des Wachbesetzungseinsatzes l\u00f6sten die Pager der Kostheimer Feuerwehr erneut aus und man r\u00fcckte zusammen mit den Kameraden der Berufsfeuerwehr in die Steinern Stra\u00dfe aus. Dort brannten drei Gro\u00dfraumm\u00fclltonnen auf einem abgetrennten M\u00fclltonnenplatz. Durch einen Trupp [&hellip;]<\/p>\n","protected":false},"author":1,"featured_media":0,"comment_status":"closed","ping_status":"open","sticky":false,"template":"","format":"standard","meta":{"_et_pb_use_builder":"","_et_pb_old_content":"","_et_gb_content_width":"","_crdt_document":"","footnotes":""},"categories":[4,5],"tags":[44,1262,49,48,1760],"class_list":["post-8582","post","type-post","status-publish","format-standard","hentry","category-einsatzabteilung","category-einsatze","tag-atemschutz","tag-f1","tag-gmt","tag-mulltonnen","tag-strahlrohr"],"_links":{"self":[{"href":"https:\/\/www.feuerwehrkostheim.de\/index.php?rest_route=\/wp\/v2\/posts\/8582","targetHints":{"allow":["GET"]}}],"collection":[{"href":"https:\/\/www.feuerwehrkostheim.de\/index.php?rest_route=\/wp\/v2\/posts"}],"about":[{"href":"https:\/\/www.feuerwehrkostheim.de\/index.php?rest_route=\/wp\/v2\/types\/post"}],"author":[{"embeddable":true,"href":"https:\/\/www.feuerwehrkostheim.de\/index.php?rest_route=\/wp\/v2\/users\/1"}],"replies":[{"embeddable":true,"href":"https:\/\/www.feuerwehrkostheim.de\/index.php?rest_route=%2Fwp%2Fv2%2Fcomments&post=8582"}],"version-history":[{"count":2,"href":"https:\/\/www.feuerwehrkostheim.de\/index.php?rest_route=\/wp\/v2\/posts\/8582\/revisions"}],"predecessor-version":[{"id":8585,"href":"https:\/\/www.feuerwehrkostheim.de\/index.php?rest_route=\/wp\/v2\/posts\/8582\/revisions\/8585"}],"wp:attachment":[{"href":"https:\/\/www.feuerwehrkostheim.de\/index.php?rest_route=%2Fwp%2Fv2%2Fmedia&parent=8582"}],"wp:term":[{"taxonomy":"category","embeddable":true,"href":"https:\/\/www.feuerwehrkostheim.de\/index.php?rest_route=%2Fwp%2Fv2%2Fcategories&post=8582"},{"taxonomy":"post_tag","embeddable":true,"href":"https:\/\/www.feuerwehrkostheim.de\/index.php?rest_route=%2Fwp%2Fv2%2Ftags&post=8582"}],"curies":[{"name":"wp","href":"https:\/\/api.w.org\/{rel}","templated":true}]}}