{"id":8580,"date":"2025-07-27T13:40:00","date_gmt":"2025-07-27T12:40:00","guid":{"rendered":"https:\/\/www.feuerwehrkostheim.de\/?p=8580"},"modified":"2025-07-27T13:40:05","modified_gmt":"2025-07-27T12:40:05","slug":"besetzung-der-feuerwache-2-4","status":"publish","type":"post","link":"https:\/\/www.feuerwehrkostheim.de\/?p=8580","title":{"rendered":"Besetzung der Feuerwache 2"},"content":{"rendered":"\n<figure class=\"wp-block-image alignright size-large is-resized\"><img loading=\"lazy\" decoding=\"async\" width=\"768\" height=\"1024\" src=\"https:\/\/www.feuerwehrkostheim.de\/wp-content\/uploads\/2025\/07\/2025-07-26-SWB-Wache-2-768x1024.jpeg\" alt=\"\" class=\"wp-image-8578\" style=\"width:245px;height:auto\"\/><\/figure>\n\n\n\n<p class=\"wp-block-paragraph\"><strong>&#x1f6a8; 63 \/ 2025<br>&#x1f4c5; 26.07.25 \u2013 &#x1f556; 21:37 Uhr<\/strong><br>&#x1f4cd; Feuerwache 2<br>&#x1f4df; S WB<br>&#x26a0;&#xfe0f; Wachbesetzung <\/p>\n\n\n\n<p class=\"wp-block-paragraph\">Aufgrund zweier gr\u00f6\u00dferer Paralleleins\u00e4tze in Wiesbaden mussten am Samstagabend die Feuerwachen 1 und 2 durch Freiwillige Feuerwehren besetzt werden. Neben der FF Frauenstein, die auf der Wache 1 in der Innenstadt in Bereitschaft ging, steuerte die Kostheimer Wehr mit zwei L\u00f6schfahrzeugen die Feuerwache 2 in Kastel an.<\/p>\n\n\n\n<p class=\"wp-block-paragraph\">Gut zwei Stunden verweilten die Kostheimer auf der Wache, bevor man ohne weiteren Einsatz wieder den Nachhauseweg antreten konnte. Lediglich ein Kamerad besetzte einen Ger\u00e4tewagen, um gebrauchtes und verschmutztes Material von den eigentlichen Einsatzstellen zur\u00fcck zu transportieren.<\/p>\n","protected":false},"excerpt":{"rendered":"<p>&#x1f6a8; 63 \/ 2025&#x1f4c5; 26.07.25 \u2013 &#x1f556; 21:37 Uhr&#x1f4cd; Feuerwache 2&#x1f4df; S WB&#x26a0;&#xfe0f; Wachbesetzung Aufgrund zweier gr\u00f6\u00dferer Paralleleins\u00e4tze in Wiesbaden mussten am Samstagabend die Feuerwachen 1 und 2 durch Freiwillige Feuerwehren besetzt werden. Neben der FF Frauenstein, die auf der Wache 1 in der Innenstadt in Bereitschaft ging, steuerte die Kostheimer Wehr mit zwei L\u00f6schfahrzeugen [&hellip;]<\/p>\n","protected":false},"author":1,"featured_media":0,"comment_status":"closed","ping_status":"open","sticky":false,"template":"","format":"standard","meta":{"_et_pb_use_builder":"","_et_pb_old_content":"","_et_gb_content_width":"","_crdt_document":"","footnotes":""},"categories":[4,5],"tags":[242,1871,1305,243],"class_list":["post-8580","post","type-post","status-publish","format-standard","hentry","category-einsatzabteilung","category-einsatze","tag-feuerwache-2","tag-gw-l","tag-swb","tag-wachbesetzung"],"_links":{"self":[{"href":"https:\/\/www.feuerwehrkostheim.de\/index.php?rest_route=\/wp\/v2\/posts\/8580","targetHints":{"allow":["GET"]}}],"collection":[{"href":"https:\/\/www.feuerwehrkostheim.de\/index.php?rest_route=\/wp\/v2\/posts"}],"about":[{"href":"https:\/\/www.feuerwehrkostheim.de\/index.php?rest_route=\/wp\/v2\/types\/post"}],"author":[{"embeddable":true,"href":"https:\/\/www.feuerwehrkostheim.de\/index.php?rest_route=\/wp\/v2\/users\/1"}],"replies":[{"embeddable":true,"href":"https:\/\/www.feuerwehrkostheim.de\/index.php?rest_route=%2Fwp%2Fv2%2Fcomments&post=8580"}],"version-history":[{"count":1,"href":"https:\/\/www.feuerwehrkostheim.de\/index.php?rest_route=\/wp\/v2\/posts\/8580\/revisions"}],"predecessor-version":[{"id":8581,"href":"https:\/\/www.feuerwehrkostheim.de\/index.php?rest_route=\/wp\/v2\/posts\/8580\/revisions\/8581"}],"wp:attachment":[{"href":"https:\/\/www.feuerwehrkostheim.de\/index.php?rest_route=%2Fwp%2Fv2%2Fmedia&parent=8580"}],"wp:term":[{"taxonomy":"category","embeddable":true,"href":"https:\/\/www.feuerwehrkostheim.de\/index.php?rest_route=%2Fwp%2Fv2%2Fcategories&post=8580"},{"taxonomy":"post_tag","embeddable":true,"href":"https:\/\/www.feuerwehrkostheim.de\/index.php?rest_route=%2Fwp%2Fv2%2Ftags&post=8580"}],"curies":[{"name":"wp","href":"https:\/\/api.w.org\/{rel}","templated":true}]}}