{"id":8569,"date":"2025-07-22T09:35:52","date_gmt":"2025-07-22T08:35:52","guid":{"rendered":"https:\/\/www.feuerwehrkostheim.de\/?p=8569"},"modified":"2025-07-22T09:43:04","modified_gmt":"2025-07-22T08:43:04","slug":"pkw-brand-auf-der-autobahn-671","status":"publish","type":"post","link":"https:\/\/www.feuerwehrkostheim.de\/?p=8569","title":{"rendered":"PKW-Brand auf der Autobahn 671"},"content":{"rendered":"\n<p class=\"wp-block-paragraph\"><strong>&#x1f6a8; 60 \/ 2025<br>&#x1f4c5; 21.07.25 \u2013 &#x1f556; 16:05 Uhr<\/strong><br> &#x1f4cd;  BAB 671 &#8211; Kastel -> Hochheim<br>&#x1f4df; F 1<br>&#x26a0;&#xfe0f; PKW-Brand<\/p>\n\n\n\n<p class=\"wp-block-paragraph\">Am Montagnachmittag kam es zu einem PKW-Brand auf der Autobahn 671 von der Anschlussstelle Kastel kommend, kurz vor der Abfahrt Hochheim Nord. Schon auf der Anfahrt konnte die Rauchs\u00e4ule von weitem gesichtet werden. Beim Eintreffen stand der PKW bereits im Vollbrand und ein L\u00f6schangriff wurde aufgebaut. Zur Sicherung der Einsatzkr\u00e4fte, neben der Berufsfeuerwehr war auch ein L\u00f6schfahrzeug der Kostheimer Wehr vor Ort, sperrte man die Autobahn komplett, wodurch sich schnell ein R\u00fcckstau bildete.<\/p>\n\n\n\n<figure class=\"wp-block-image size-large\"><a href=\"https:\/\/www.feuerwehrkostheim.de\/wp-content\/uploads\/2025\/07\/2025-07-21-PKW-Brand-1-scaled.jpg\"><img loading=\"lazy\" decoding=\"async\" width=\"1024\" height=\"768\" src=\"https:\/\/www.feuerwehrkostheim.de\/wp-content\/uploads\/2025\/07\/2025-07-21-PKW-Brand-1-1024x768.jpg\" alt=\"\" class=\"wp-image-8568\" srcset=\"https:\/\/www.feuerwehrkostheim.de\/wp-content\/uploads\/2025\/07\/2025-07-21-PKW-Brand-1-980x735.jpg 980w, https:\/\/www.feuerwehrkostheim.de\/wp-content\/uploads\/2025\/07\/2025-07-21-PKW-Brand-1-480x360.jpg 480w\" sizes=\"(min-width: 0px) and (max-width: 480px) 480px, (min-width: 481px) and (max-width: 980px) 980px, (min-width: 981px) 1024px, 100vw\" \/><\/a><\/figure>\n\n\n\n<p class=\"wp-block-paragraph\">Durch den Umstand, dass der Tank des brennenden Fahrzeuges voll gef\u00fcllt war, gestalteten sich die L\u00f6scharbeiten \u00e4u\u00dferst umfangreich. Immer loderte nachlaufender Kraftstoff brennend auf. Auch die Zuhilfenahme des L\u00f6schmittels Schaum brachte nicht den gew\u00fcnschten Effekt, sodass im weiteren Verlauf der PKW durch das Abschleppunternehmen seitlich angehoben werden musste.<\/p>\n\n\n\n<p class=\"wp-block-paragraph\">Erst nach fast zwei Stunden konnte der Einsatz auf der Autobahn beendet werden und die Kr\u00e4fte r\u00fcckten zum Aufr\u00fcsten der Fahrzeuge wieder ein.<\/p>\n\n\n\n<p class=\"wp-block-paragraph\">[Foto: Feuerwehr Wiesbaden]<\/p>\n","protected":false},"excerpt":{"rendered":"<p>&#x1f6a8; 60 \/ 2025&#x1f4c5; 21.07.25 \u2013 &#x1f556; 16:05 Uhr &#x1f4cd; BAB 671 &#8211; Kastel -> Hochheim&#x1f4df; F 1&#x26a0;&#xfe0f; PKW-Brand Am Montagnachmittag kam es zu einem PKW-Brand auf der Autobahn 671 von der Anschlussstelle Kastel kommend, kurz vor der Abfahrt Hochheim Nord. Schon auf der Anfahrt konnte die Rauchs\u00e4ule von weitem gesichtet werden. Beim Eintreffen stand [&hellip;]<\/p>\n","protected":false},"author":1,"featured_media":0,"comment_status":"closed","ping_status":"open","sticky":false,"template":"","format":"standard","meta":{"_et_pb_use_builder":"","_et_pb_old_content":"","_et_gb_content_width":"","_crdt_document":"","footnotes":""},"categories":[4,5],"tags":[110,496,1371,1262,163],"class_list":["post-8569","post","type-post","status-publish","format-standard","hentry","category-einsatzabteilung","category-einsatze","tag-alarmgruppe","tag-autobahn","tag-bab671","tag-f1","tag-pkw-brand"],"_links":{"self":[{"href":"https:\/\/www.feuerwehrkostheim.de\/index.php?rest_route=\/wp\/v2\/posts\/8569","targetHints":{"allow":["GET"]}}],"collection":[{"href":"https:\/\/www.feuerwehrkostheim.de\/index.php?rest_route=\/wp\/v2\/posts"}],"about":[{"href":"https:\/\/www.feuerwehrkostheim.de\/index.php?rest_route=\/wp\/v2\/types\/post"}],"author":[{"embeddable":true,"href":"https:\/\/www.feuerwehrkostheim.de\/index.php?rest_route=\/wp\/v2\/users\/1"}],"replies":[{"embeddable":true,"href":"https:\/\/www.feuerwehrkostheim.de\/index.php?rest_route=%2Fwp%2Fv2%2Fcomments&post=8569"}],"version-history":[{"count":3,"href":"https:\/\/www.feuerwehrkostheim.de\/index.php?rest_route=\/wp\/v2\/posts\/8569\/revisions"}],"predecessor-version":[{"id":8572,"href":"https:\/\/www.feuerwehrkostheim.de\/index.php?rest_route=\/wp\/v2\/posts\/8569\/revisions\/8572"}],"wp:attachment":[{"href":"https:\/\/www.feuerwehrkostheim.de\/index.php?rest_route=%2Fwp%2Fv2%2Fmedia&parent=8569"}],"wp:term":[{"taxonomy":"category","embeddable":true,"href":"https:\/\/www.feuerwehrkostheim.de\/index.php?rest_route=%2Fwp%2Fv2%2Fcategories&post=8569"},{"taxonomy":"post_tag","embeddable":true,"href":"https:\/\/www.feuerwehrkostheim.de\/index.php?rest_route=%2Fwp%2Fv2%2Ftags&post=8569"}],"curies":[{"name":"wp","href":"https:\/\/api.w.org\/{rel}","templated":true}]}}