{"id":8562,"date":"2025-07-21T13:12:49","date_gmt":"2025-07-21T12:12:49","guid":{"rendered":"https:\/\/www.feuerwehrkostheim.de\/?p=8562"},"modified":"2025-07-21T14:13:54","modified_gmt":"2025-07-21T13:13:54","slug":"unwetterzelle-zieht-mit-sturmboeen-ueber-wiesbaden","status":"publish","type":"post","link":"https:\/\/www.feuerwehrkostheim.de\/?p=8562","title":{"rendered":"Unwetterzelle zieht mit Sturmb\u00f6en \u00fcber Wiesbaden"},"content":{"rendered":"\n<figure class=\"wp-block-image alignright size-large is-resized\"><img loading=\"lazy\" decoding=\"async\" width=\"768\" height=\"1024\" src=\"https:\/\/www.feuerwehrkostheim.de\/wp-content\/uploads\/2025\/07\/2025-07-20-Unwetter-2-768x1024.jpg\" alt=\"\" class=\"wp-image-8561\" style=\"aspect-ratio:0.7500090985187612;width:260px;height:auto\"\/><\/figure>\n\n\n\n<p class=\"wp-block-paragraph\"><strong>&#x1f6a8; 54-59 \/ 2025<br>&#x1f4c5; 20.07.25 \u2013 &#x1f556; 17:57 Uhr<\/strong><br>&#x1f4cd;  Feuerwehrger\u00e4tehaus \/ Stadtgebiet<br>&#x1f4df; U ALARM<br>&#x26a0;&#xfe0f; Unwettereins\u00e4tze <\/p>\n\n\n\n<p class=\"wp-block-paragraph\">Am Sonntagabend \u00fcberquerte eine Unwetterfront das Wiesbadener Stadtgebiet und sorgte gegen 18 Uhr f\u00fcr eine gr\u00f6\u00dfere Anzahl an Eins\u00e4tzen. Insgesamt wurden neben der Feuerwehr Kostheim neun weitere Freiwillige Wehren sowie die IuK-Gruppe zur Unterst\u00fctzung alarmiert.<\/p>\n\n\n\n<p class=\"wp-block-paragraph\">Die Kostheimer Feuerwehr bekam im Laufe des Abends insgesamt f\u00fcnf Einsatzstellen zur Abarbeitung zugewiesen. Dabei war man nicht nur in Kostheim, sondern auch bis in den Wiesbadener Norden eingesetzt. \u00dcberwiegend waren \u00c4ste oder B\u00e4ume zu zerkleinern und auf die Seite zu r\u00e4umen. Aber auch lose Dachteile besch\u00e4ftigte die Kostheimer Kameraden an einer Einsatzstelle.<\/p>\n\n\n\n<figure class=\"wp-block-image size-large\"><img loading=\"lazy\" decoding=\"async\" width=\"1024\" height=\"768\" src=\"https:\/\/www.feuerwehrkostheim.de\/wp-content\/uploads\/2025\/07\/2025-07-20-Unwetter-1-1024x768.jpg\" alt=\"\" class=\"wp-image-8560\" srcset=\"https:\/\/www.feuerwehrkostheim.de\/wp-content\/uploads\/2025\/07\/2025-07-20-Unwetter-1-980x735.jpg 980w, https:\/\/www.feuerwehrkostheim.de\/wp-content\/uploads\/2025\/07\/2025-07-20-Unwetter-1-480x360.jpg 480w\" sizes=\"(min-width: 0px) and (max-width: 480px) 480px, (min-width: 481px) and (max-width: 980px) 980px, (min-width: 981px) 1024px, 100vw\" \/><\/figure>\n\n\n\n<p class=\"wp-block-paragraph\">Nachfolgend die Eins\u00e4tze, die w\u00e4hrend der Einsatzbereitschaft zugeteilt und abgearbeitet wurden:<\/p>\n\n\n\n<p class=\"wp-block-paragraph\">2025-55 \/ 18:01 Uhr &#8211; LF 10 &#8211; 22\/43 &#8211; Klagenfurter Stra\u00dfe &#8211; Ast auf Stra\u00dfe<br>2025-56 \/ 18:09 Uhr &#8211; LF 20 &#8211; 22\/45 &#8211; Wiesbadener Landstra\u00dfe &#8211; Ast auf Stra\u00dfe <br>2025-57 \/ 18:37 Uhr &#8211; LF 20 &#8211; 22\/45 &#8211; Goerdelerstra\u00dfe\u00a0 &#8211; zwei umgest\u00fcrzte B\u00e4ume\u00a0<br>2025-58 \/ 19:36 Uhr &#8211; LF 10 &#8211; 22\/43 &#8211; Taunusstra\u00dfe &#8211; lose Dachteile<br>2025-59 \/ 20:13 Uhr &#8211; MTF &#8211; 22\/19 &#8211; Fort Biehler &#8211; umgest\u00fcrzter Baum<\/p>\n\n\n\n<p class=\"wp-block-paragraph\">Gegen 21:30 Uhr waren alle Fahrzeuge der Kostheimer Wehr am Standort und die eingesetzten Ger\u00e4tschaften gereinigt. Da keine weiteren Eins\u00e4tze vorlagen, konnte somit die Einsatzbereitschaft aufgehoben werden.<\/p>\n","protected":false},"excerpt":{"rendered":"<p>&#x1f6a8; 54-59 \/ 2025&#x1f4c5; 20.07.25 \u2013 &#x1f556; 17:57 Uhr&#x1f4cd; Feuerwehrger\u00e4tehaus \/ Stadtgebiet&#x1f4df; U ALARM&#x26a0;&#xfe0f; Unwettereins\u00e4tze Am Sonntagabend \u00fcberquerte eine Unwetterfront das Wiesbadener Stadtgebiet und sorgte gegen 18 Uhr f\u00fcr eine gr\u00f6\u00dfere Anzahl an Eins\u00e4tzen. Insgesamt wurden neben der Feuerwehr Kostheim neun weitere Freiwillige Wehren sowie die IuK-Gruppe zur Unterst\u00fctzung alarmiert. Die Kostheimer Feuerwehr bekam im [&hellip;]<\/p>\n","protected":false},"author":1,"featured_media":0,"comment_status":"closed","ping_status":"open","sticky":false,"template":"","format":"standard","meta":{"_et_pb_use_builder":"","_et_pb_old_content":"","_et_gb_content_width":"","_crdt_document":"","footnotes":""},"categories":[4,5],"tags":[1869,1868,716,438,1867,1354,89],"class_list":["post-8562","post","type-post","status-publish","format-standard","hentry","category-einsatzabteilung","category-einsatze","tag-dachteile","tag-dachziegel","tag-kettensaege","tag-stadtgebiet","tag-sturmschaden","tag-ualarm","tag-unwetter"],"_links":{"self":[{"href":"https:\/\/www.feuerwehrkostheim.de\/index.php?rest_route=\/wp\/v2\/posts\/8562","targetHints":{"allow":["GET"]}}],"collection":[{"href":"https:\/\/www.feuerwehrkostheim.de\/index.php?rest_route=\/wp\/v2\/posts"}],"about":[{"href":"https:\/\/www.feuerwehrkostheim.de\/index.php?rest_route=\/wp\/v2\/types\/post"}],"author":[{"embeddable":true,"href":"https:\/\/www.feuerwehrkostheim.de\/index.php?rest_route=\/wp\/v2\/users\/1"}],"replies":[{"embeddable":true,"href":"https:\/\/www.feuerwehrkostheim.de\/index.php?rest_route=%2Fwp%2Fv2%2Fcomments&post=8562"}],"version-history":[{"count":4,"href":"https:\/\/www.feuerwehrkostheim.de\/index.php?rest_route=\/wp\/v2\/posts\/8562\/revisions"}],"predecessor-version":[{"id":8567,"href":"https:\/\/www.feuerwehrkostheim.de\/index.php?rest_route=\/wp\/v2\/posts\/8562\/revisions\/8567"}],"wp:attachment":[{"href":"https:\/\/www.feuerwehrkostheim.de\/index.php?rest_route=%2Fwp%2Fv2%2Fmedia&parent=8562"}],"wp:term":[{"taxonomy":"category","embeddable":true,"href":"https:\/\/www.feuerwehrkostheim.de\/index.php?rest_route=%2Fwp%2Fv2%2Fcategories&post=8562"},{"taxonomy":"post_tag","embeddable":true,"href":"https:\/\/www.feuerwehrkostheim.de\/index.php?rest_route=%2Fwp%2Fv2%2Ftags&post=8562"}],"curies":[{"name":"wp","href":"https:\/\/api.w.org\/{rel}","templated":true}]}}