{"id":8535,"date":"2025-07-15T10:07:41","date_gmt":"2025-07-15T09:07:41","guid":{"rendered":"https:\/\/www.feuerwehrkostheim.de\/?p=8535"},"modified":"2025-07-15T11:53:31","modified_gmt":"2025-07-15T10:53:31","slug":"abenteuer-teamgeist-und-jede-menge-spass-freizeitfahrt-der-jugendfeuerwehr-kostheim-2024","status":"publish","type":"post","link":"https:\/\/www.feuerwehrkostheim.de\/?p=8535","title":{"rendered":"Abenteuer, Teamgeist und jede Menge Spa\u00df \u2013 Freizeitfahrt der Jugendfeuerwehr Kostheim 2025"},"content":{"rendered":"\n<p class=\"wp-block-paragraph\">Mitte Juni nutzte die Jugendfeuerwehr Kostheim das verl\u00e4ngerte Fronleichnamswochenende f\u00fcr ihre traditionelle Freizeitfahrt. Ziel in diesem Jahr war der \u201ePh\u00f6nixberg \u2013 Bildungs- und Kulturort\u201c in Herbstein, Mittelhessen. Mit drei Fahrzeugen ging es am Mittwochnachmittag los.<\/p>\n\n\n\n<p class=\"wp-block-paragraph\">Nach dem Abendessen wurde das Lagerfeuer entz\u00fcndet, und der erste Abend klang mit einer gem\u00fctlichen Runde \u201eWerwolf\u201c am Feuer stimmungsvoll aus.<\/p>\n\n\n\n<figure class=\"wp-block-image alignright size-large\"><img decoding=\"async\" src=\"https:\/\/live.staticflickr.com\/65535\/54655972001_9a3bcbdffb_n.jpg\" alt=\"\"\/><\/figure>\n\n\n\n<p class=\"wp-block-paragraph\">Der Donnerstag begann nach einer kurzen Nacht mit einem gemeinsamen Fr\u00fchst\u00fcck. Danach standen abwechslungsreiche Teamspiele auf dem Programm, die den Zusammenhalt st\u00e4rkten. Sp\u00e4ter sammelten die Jugendlichen im angrenzenden Wald Feuerholz und s\u00e4gten es selbst zurecht \u2013 echte Teamarbeit in Aktion!<\/p>\n\n\n\n<p class=\"wp-block-paragraph\">Am Freitag ging es hoch hinaus: Die Gruppe besuchte die Ski- &amp; Rodelarena auf der Wasserkuppe. Drei Stunden lang nutzten die Jugendlichen begeistert die Sommerrodelbahn, den Rh\u00f6nbob und weitere Attraktionen.<\/p>\n\n\n<p><!--more--><\/p>\n\n\n<figure class=\"wp-block-image alignleft size-large\"><img decoding=\"async\" src=\"https:\/\/live.staticflickr.com\/65535\/54655128947_a9c33b9c7b_n.jpg\" alt=\"\"\/><\/figure>\n\n\n\n<p class=\"wp-block-paragraph\">Ein weiteres Highlight folgte am Samstag mit dem Ausflug nach Fulda ins Feuerwehrmuseum. Dort konnten die Jugendlichen Feuerwehrtechnik aus mehreren Jahrhunderten bestaunen \u2013 von der Handdruckspritze des Mittelalters bis hin zu Fahrzeugen aus dem Jahr 2000. So konnten die Jugendlichen sich mitunter einen Eindruck verschaffen, wie die Feuerwehrleute ohne vergleichbar moderne Technik wie heute, Feuer gel\u00f6scht haben. Besonders spannend: Im Eingangsbereich durften sie selbst eine historische Handpumpe ausprobieren.<\/p>\n\n\n\n<p class=\"wp-block-paragraph\">Der letzte Abend wurde traditionell mit einem Grillabend gefeiert. Am Lagerfeuer wurden Stockbrot und Marshmallows zubereitet. Eine geplante Runde \u201eWerwolf\u201c wurde diesmal allerdings gest\u00f6rt \u2013 zur \u00dcberraschung aller schlichen sich Kameraden und Kameradinnen der Einsatzabteilung der Kostheimer Feuerwehr in der Dunkelheit auf den Platz, um nach alter Tradition die Jugendfeuerwehrfahne in ihren Besitz zu bringen. Doch die Jugendlichen verteidigten ihre Fahne mit Geschick und Teamgeist erfolgreich \u2013 ein gro\u00dfer Spa\u00df f\u00fcr alle Beteiligten.<\/p>\n\n\n\n<p class=\"wp-block-paragraph\">Am Sonntagmorgen hie\u00df es dann: H\u00fctten r\u00e4umen, aufr\u00e4umen und Fahrzeuge beladen. Bevor es zur\u00fcck nach Kostheim ging, wurden die neuen Mitglieder der Jugendfeuerwehr feierlich getauft und erhielten ihre Spitznamen \u2013 ein unvergesslicher Moment f\u00fcr alle.<\/p>\n\n\n\n<figure class=\"wp-block-image aligncenter size-large\"><img decoding=\"async\" src=\"https:\/\/live.staticflickr.com\/65535\/54656200754_85be48e4bd_c.jpg\" alt=\"\"\/><\/figure>\n\n\n\n<p class=\"wp-block-paragraph\">Bei strahlendem Sonnenschein und bester Stimmung blicken wir auf eine gelungene, spannende und gemeinschaftsst\u00e4rkende Freizeitfahrt zur\u00fcck. Wir freuen uns schon auf das n\u00e4chste Jahr!<\/p>\n\n\n\n<div style=\"height:40px\" aria-hidden=\"true\" class=\"wp-block-spacer\"><\/div>\n\n\n\n<p class=\"wp-block-paragraph\">                    <div class=\"flicgal-gallery-wrapper gallery-8537\">\n                                                    <h3 class=\"flicgal-title\">Freizeitfahrt der Jugendfeuerwehr &#8211; Juni 2025<\/h3>\n                                                <div class=\"flicgal-gallery-container-wrapper\">\n                            <div class=\"flicgal-spinner-wrapper\">\n                                <div class=\"flicgal-loading-img\"><img decoding=\"async\" src=\"https:\/\/www.feuerwehrkostheim.de\/wp-content\/plugins\/flickr-album-gallery\/img\/loading.gif\" \/><\/div>\n                            <\/div>\n                            <div class=\"flicgal-gallery-container\"><\/div>\n                        <\/div>\n                        <!-- Blueimp gallery -->\n                        <div id=\"blueimp-gallery-8537\" class=\"blueimp-gallery blueimp-gallery-controls\">\n                            <div class=\"slides\"><\/div>\n                            <h3 class=\"title\"><\/h3>\n                            <a class=\"prev\">\u2039<\/a>\n                            <a class=\"next\">\u203a<\/a>\n                            <a class=\"close\">\u00d7<\/a>\n                            <a class=\"play-pause\"><\/a>\n                            <ol class=\"indicator\"><\/ol>\n                        <\/div>\n                    <\/div>\n                    \n            <\/p>\n","protected":false},"excerpt":{"rendered":"<p>Mitte Juni nutzte die Jugendfeuerwehr Kostheim das verl\u00e4ngerte Fronleichnamswochenende f\u00fcr ihre traditionelle Freizeitfahrt. Ziel in diesem Jahr war der \u201ePh\u00f6nixberg \u2013 Bildungs- und Kulturort\u201c in Herbstein, Mittelhessen. Mit drei Fahrzeugen ging es am Mittwochnachmittag los. Nach dem Abendessen wurde das Lagerfeuer entz\u00fcndet, und der erste Abend klang mit einer gem\u00fctlichen Runde \u201eWerwolf\u201c am Feuer stimmungsvoll [&hellip;]<\/p>\n","protected":false},"author":1,"featured_media":0,"comment_status":"closed","ping_status":"open","sticky":false,"template":"","format":"standard","meta":{"_et_pb_use_builder":"","_et_pb_old_content":"","_et_gb_content_width":"","_crdt_document":"","footnotes":""},"categories":[7],"tags":[14,1864,739,1865,131,1863,1862],"class_list":["post-8535","post","type-post","status-publish","format-standard","hentry","category-jugendfeuerwehr","tag-ausflug","tag-feuerwehrmuseum","tag-freizeitfahrt","tag-herbstein","tag-nachwuchs","tag-sommerrodelbahn","tag-teamgeist"],"_links":{"self":[{"href":"https:\/\/www.feuerwehrkostheim.de\/index.php?rest_route=\/wp\/v2\/posts\/8535","targetHints":{"allow":["GET"]}}],"collection":[{"href":"https:\/\/www.feuerwehrkostheim.de\/index.php?rest_route=\/wp\/v2\/posts"}],"about":[{"href":"https:\/\/www.feuerwehrkostheim.de\/index.php?rest_route=\/wp\/v2\/types\/post"}],"author":[{"embeddable":true,"href":"https:\/\/www.feuerwehrkostheim.de\/index.php?rest_route=\/wp\/v2\/users\/1"}],"replies":[{"embeddable":true,"href":"https:\/\/www.feuerwehrkostheim.de\/index.php?rest_route=%2Fwp%2Fv2%2Fcomments&post=8535"}],"version-history":[{"count":5,"href":"https:\/\/www.feuerwehrkostheim.de\/index.php?rest_route=\/wp\/v2\/posts\/8535\/revisions"}],"predecessor-version":[{"id":8557,"href":"https:\/\/www.feuerwehrkostheim.de\/index.php?rest_route=\/wp\/v2\/posts\/8535\/revisions\/8557"}],"wp:attachment":[{"href":"https:\/\/www.feuerwehrkostheim.de\/index.php?rest_route=%2Fwp%2Fv2%2Fmedia&parent=8535"}],"wp:term":[{"taxonomy":"category","embeddable":true,"href":"https:\/\/www.feuerwehrkostheim.de\/index.php?rest_route=%2Fwp%2Fv2%2Fcategories&post=8535"},{"taxonomy":"post_tag","embeddable":true,"href":"https:\/\/www.feuerwehrkostheim.de\/index.php?rest_route=%2Fwp%2Fv2%2Ftags&post=8535"}],"curies":[{"name":"wp","href":"https:\/\/api.w.org\/{rel}","templated":true}]}}