{"id":8469,"date":"2025-06-11T11:42:34","date_gmt":"2025-06-11T10:42:34","guid":{"rendered":"https:\/\/www.feuerwehrkostheim.de\/?p=8469"},"modified":"2025-06-11T11:57:51","modified_gmt":"2025-06-11T10:57:51","slug":"jahreshauptversammlung-mit-rueckschau-aufs-jubilaeumsjahr-und-staffelholzuebergabe-im-vorstand","status":"publish","type":"post","link":"https:\/\/www.feuerwehrkostheim.de\/?p=8469","title":{"rendered":"Jahreshauptversammlung mit R\u00fcckschau auf\u00b4s Jubil\u00e4umsjahr und Staffelholz\u00fcbergabe im Vorstand"},"content":{"rendered":"\n<p class=\"wp-block-paragraph\">Unter den Eindr\u00fccken des abgelaufenen Jubil\u00e4umsjahres fand am Sonntag, den 18.&nbsp;Mai&nbsp;2025 die 151. ordentliche Jahreshauptversammlung der Freiwilligen Feuerwehr Mainz-Kostheim statt.<\/p>\n\n\n\n<p class=\"wp-block-paragraph\">Im \u00f6ffentlich-rechtlichen Teil der Veranstaltung durfte zun\u00e4chst Wehrf\u00fchrer Tobias Steinmetz die zahlreichen Aktiven der Wehr sowie die anwesenden Kameraden der Alters-und Ehrenabteilung im Feuerwehrger\u00e4tehaus begr\u00fc\u00dfen. Ein besonderer Gru\u00df ging an Stadtbrandinspektor Sascha Gerhard sowie Christoph Lederer und Lars Scheffler, die in Vertretung der Amtsleitung der Feuerwehr Wiesbaden bzw. als Betreuer der Kostheimer Wehr der Versammlung beiwohnten.\u00a0<\/p>\n\n\n\n<p class=\"wp-block-paragraph\">In seinem Jahresbericht wusste Wehrf\u00fchrer Steinmetz von 79 Eins\u00e4tzen im Kalenderjahr 2024 zu berichten, die es neben all den Jubil\u00e4umsfeierlichkeiten zeitgleich abzuarbeiten galt. Besonders hervorzuheben waren mehrere gr\u00f6\u00dfere Brandeins\u00e4tze zu Beginn des Jahres, zwei Verkehrsunf\u00e4lle mit \u00fcberschlagenen Fahrzeugen sowie eine zu Sinken drohende Yacht im Schiersteiner Hafen. Der Aufbau der Hochwasserschutzw\u00e4nde geh\u00f6rte im abgelaufenen Kalenderjahr ebenso erneut zum Aufgabenspektrum der Wehr.<\/p>\n\n\n\n<p class=\"wp-block-paragraph\">All dies setzt nat\u00fcrlich eine schlagkr\u00e4ftige Truppe voraus. Zum 31. Dezember 2024 leisten 30 M\u00e4nner und 4 Frauen ihren Dienst in der Einsatzabteilung der Wehr. Und so ist eine Jahreshauptversammlung auch der richtige Ort, Einzelne f\u00fcr Geleistetes auszuzeichnen und ihr ehrenamtliches Engagement zu w\u00fcrdigen.<\/p>\n\n\n\n<p class=\"wp-block-paragraph\">So wurden ausgezeichnet:<\/p>\n\n\n\n<figure class=\"wp-block-table\"><table class=\"has-fixed-layout\"><tbody><tr><td>Goldene Ehrennadel des Landes Hessen<\/td><td>Gerd Jungbluth und<br>Thomas Stein<\/td><\/tr><tr><td>Katastrophenschutz-Medaille des Landes Hessen in Bronze<\/td><td>Mustapha Berchane und<br>Tobias Steinmetz<\/td><\/tr><tr><td>Atemschutz-Leistungsabzeichen des Nassauischen Feuerwehrverbandes in Bronze<\/td><td>Mustapha Bechane, Tobias Kaiser, Pascal Schuth, Tobias Steinmetz, Rayen Touati und Fabian Wotzlaw<\/td><\/tr><tr><td>Atemschutz-Leistungsabzeichen des Nassauischen Feuerwehrverbandes in Silber<\/td><td>Mathias Jost, Martin Reinheimer und<br>Stefan Wagner<\/td><\/tr><tr><td>Atemschutz-Leistungsabzeichen des Nassauischen Feuerwehrverbandes in Gold<\/td><td>Bernd Ackermann und<br>Michael Stark<\/td><\/tr><\/tbody><\/table><\/figure>\n\n\n\n<p class=\"wp-block-paragraph\">Auch die Nachwuchsabteilungen der Wehr konnten sich im abgelaufenen Jahr \u00fcber regen Zuspruch freuen. In seinem Jahresbericht konnte Jugendfeuerwehrwart Stefan Wagner mit einem Mitgliederstand von 5 M\u00e4dchen und 20 Jungen aufwarten. In der Bambinifeuerwehr, den Kleinsten der Kostheimer Wehr, werden derzeit 23 Kinder spielerisch an das Thema Feuerwehr herangef\u00fchrt.<\/p>\n\n\n\n<figure class=\"wp-block-image alignright size-large is-resized\"><a href=\"https:\/\/www.feuerwehrkostheim.de\/wp-content\/uploads\/2025\/06\/2025-05-18-JHV-Verein-scaled.jpeg\"><img loading=\"lazy\" decoding=\"async\" width=\"768\" height=\"1024\" src=\"https:\/\/www.feuerwehrkostheim.de\/wp-content\/uploads\/2025\/06\/2025-05-18-JHV-Verein-768x1024.jpeg\" alt=\"\" class=\"wp-image-8470\" style=\"aspect-ratio:0.7500073242902763;width:273px;height:auto\"\/><\/a><figcaption class=\"wp-element-caption\">Vorsitzender Pascal Schuth und stellvertretender Vorsitzender Rayen Touati<\/figcaption><\/figure>\n\n\n\n<p class=\"wp-block-paragraph\">Die sich anschlie\u00dfende Jahreshauptversammlung des Vereins stand ganz im Zeichen der R\u00fcckschau auf das Jubil\u00e4umsjahr sowie auf die Neuwahl des Vereinsvorsitzes. Man k\u00f6nne stolz sein, auf das, was man im vergangenen Jahr im Rahmen des 150-Vereinsjubil\u00e4ums auf die Beine gestellt habe, so der scheidende Vereinsvorsitzende Michael Stark, der sein Amt, ebenso wie sein Stellvertreter Mathias M\u00e4mpel, bei der Versammlung zur Verf\u00fcgung stellte. Jahrelange Planung und hunderte Stunden der Vorbereitung h\u00e4tten sich ausgezahlt. Die zahlreichen Veranstaltungen seien durchweg gelungen und auf positive Resonanz gesto\u00dfen. Schriftf\u00fchrer Fabian Wotzlaw konnte dies in seinem Jahresbericht mit einer sehr positiven Mitgliederentwicklung im vergangenen Jahr untermauern. Auch Kassierer Christian Schmitt zog ein positives Fazit. Insbesondere das Festwochenende sei sicherlich eine finanzielle Herausforderung f\u00fcr den Verein gewesen. Unterm Strich sei er aber mit dem Jahresergebnis zufrieden, es l\u00e4ge im Bereich der Erwartungen, nicht zuletzt aufgrund der vielen Sponsoren und G\u00f6nnern, die den Verein in seinem Jubil\u00e4umsjahr finanziell unter die Arme gegriffen h\u00e4tten.<\/p>\n\n\n\n<p class=\"wp-block-paragraph\">Bei der anschlie\u00dfenden Neuwahl des Vereinsvorsitzes wurde Pascal Schuth zum ersten Vorsitzenden und Rayen Touati zum zweiten Vorsitzenden des Vereins der Freiwilligen Feuerwehr Mainz-Kostheim gew\u00e4hlt.<\/p>\n\n\n\n<p class=\"wp-block-paragraph\">In Anerkennung seiner Verdienste als Wehrf\u00fchrer und Vereinsvorsitzender wurde Michael Stark im Anschluss das Ehrenzeichen des Kreisfeuerwehrverbandes Wiesbaden in Bronze verliehen. Das Amt des Wehrf\u00fchrers hatte Stark bereits im Juni 2024 an Tobias Steinmetz \u00fcbergeben, nachdem er zuvor zum stellvertretenden Stadtbrandinspektor der Landeshauptstadt Wiesbaden gew\u00e4hlt worden war.<\/p>\n\n\n\n<p class=\"wp-block-paragraph\">Sein traditionelles Ende fand die Versammlung mit dem Singen des Kostheimer Feuerwehrliedes.<\/p>\n\n\n\n<p class=\"wp-block-paragraph\">Die n\u00e4chste Jahreshauptversammlung findet am 22. M\u00e4rz 2026 statt.<\/p>\n","protected":false},"excerpt":{"rendered":"<p>Unter den Eindr\u00fccken des abgelaufenen Jubil\u00e4umsjahres fand am Sonntag, den 18.&nbsp;Mai&nbsp;2025 die 151. ordentliche Jahreshauptversammlung der Freiwilligen Feuerwehr Mainz-Kostheim statt. Im \u00f6ffentlich-rechtlichen Teil der Veranstaltung durfte zun\u00e4chst Wehrf\u00fchrer Tobias Steinmetz die zahlreichen Aktiven der Wehr sowie die anwesenden Kameraden der Alters-und Ehrenabteilung im Feuerwehrger\u00e4tehaus begr\u00fc\u00dfen. Ein besonderer Gru\u00df ging an Stadtbrandinspektor Sascha Gerhard sowie Christoph [&hellip;]<\/p>\n","protected":false},"author":1,"featured_media":0,"comment_status":"closed","ping_status":"open","sticky":false,"template":"","format":"standard","meta":{"_et_pb_use_builder":"","_et_pb_old_content":"","_et_gb_content_width":"","_crdt_document":"","footnotes":""},"categories":[3,4,7,9,10],"tags":[623,171,191,939,720,1849,1100],"class_list":["post-8469","post","type-post","status-publish","format-standard","hentry","category-bambinifeuerwehr","category-einsatzabteilung","category-jugendfeuerwehr","category-veranstaltungen","category-verein","tag-auszeichnung","tag-ehrungen","tag-jahreshauptversammlung","tag-mitgliederversammlung","tag-neuwahl","tag-stellvertreter","tag-vorsitzender"],"_links":{"self":[{"href":"https:\/\/www.feuerwehrkostheim.de\/index.php?rest_route=\/wp\/v2\/posts\/8469","targetHints":{"allow":["GET"]}}],"collection":[{"href":"https:\/\/www.feuerwehrkostheim.de\/index.php?rest_route=\/wp\/v2\/posts"}],"about":[{"href":"https:\/\/www.feuerwehrkostheim.de\/index.php?rest_route=\/wp\/v2\/types\/post"}],"author":[{"embeddable":true,"href":"https:\/\/www.feuerwehrkostheim.de\/index.php?rest_route=\/wp\/v2\/users\/1"}],"replies":[{"embeddable":true,"href":"https:\/\/www.feuerwehrkostheim.de\/index.php?rest_route=%2Fwp%2Fv2%2Fcomments&post=8469"}],"version-history":[{"count":5,"href":"https:\/\/www.feuerwehrkostheim.de\/index.php?rest_route=\/wp\/v2\/posts\/8469\/revisions"}],"predecessor-version":[{"id":8476,"href":"https:\/\/www.feuerwehrkostheim.de\/index.php?rest_route=\/wp\/v2\/posts\/8469\/revisions\/8476"}],"wp:attachment":[{"href":"https:\/\/www.feuerwehrkostheim.de\/index.php?rest_route=%2Fwp%2Fv2%2Fmedia&parent=8469"}],"wp:term":[{"taxonomy":"category","embeddable":true,"href":"https:\/\/www.feuerwehrkostheim.de\/index.php?rest_route=%2Fwp%2Fv2%2Fcategories&post=8469"},{"taxonomy":"post_tag","embeddable":true,"href":"https:\/\/www.feuerwehrkostheim.de\/index.php?rest_route=%2Fwp%2Fv2%2Ftags&post=8469"}],"curies":[{"name":"wp","href":"https:\/\/api.w.org\/{rel}","templated":true}]}}