{"id":844,"date":"2012-05-19T19:16:38","date_gmt":"2012-05-19T17:16:38","guid":{"rendered":"http:\/\/www.feuerwehrkostheim.de\/?p=844"},"modified":"2018-06-02T14:06:49","modified_gmt":"2018-06-02T13:06:49","slug":"ruckfahrt-von-der-wachbesetzung-gartenhausbrand-festgestellt","status":"publish","type":"post","link":"https:\/\/www.feuerwehrkostheim.de\/?p=844","title":{"rendered":"R\u00fcckfahrt von der Wachbesetzung: Gartenhausbrand festgestellt"},"content":{"rendered":"<p><img loading=\"lazy\" decoding=\"async\" class=\"alignleft\" title=\"Einsatz-Logo\" src=\"http:\/\/www.feuerwehrkostheim.de\/wp-content\/bilder\/sonstige\/logo_einsatz.jpg\" alt=\"Einsatz-Logo\" width=\"100\" height=\"100\" \/><strong>19. Mai 2012 &#8211; 13:24 Uhr<\/strong><br \/>\n<strong>Castellumstra\u00dfe<\/strong><br \/>\nEinzelfahrzeug<br \/>\nEinsatz 18 &#8211; 2012<\/p>\n<p>Auf der R\u00fcckfahrt der morgendlichen Wachbesetzung entdeckten die Kameraden des MTF\u00b4s ein brennendes Gartenhaus in der Kasteller Castellumstra\u00dfe. Als sie den Brand \u00fcber Funk der Leitstelle meldeten liefen auch parallel schon die ersten Notrufe ein. Das Basis-LF, das kurz zuvor die Kostheimer Kameraden wieder &#8220;abgel\u00f6st&#8221; hatte, r\u00fcckte von der Wache 2 aus. Auch die FF Kastel wurde alarmiert. Da die Gartenh\u00fctte schon im Vollbrand stand und kein nennenswertes L\u00f6schger\u00e4t auf dem MTF verladen ist, wiesen die Kostheimer Wehrm\u00e4nner die Kollegen der Berufsfeuerwehr ein und halfen beim Aufbau der Wasserversorgung. Als die grobe Arbeit getan war, setzten sie ihre R\u00fcckfahrt zum Ger\u00e4tehaus fort. Da das Feuer schnell gel\u00f6scht war, musste die FF Kastel nicht mehr ausr\u00fccken.<\/p>\n","protected":false},"excerpt":{"rendered":"<p>19. Mai 2012 &#8211; 13:24 Uhr Castellumstra\u00dfe Einzelfahrzeug Einsatz 18 &#8211; 2012 Auf der R\u00fcckfahrt der morgendlichen Wachbesetzung entdeckten die Kameraden des MTF\u00b4s ein brennendes Gartenhaus in der Kasteller Castellumstra\u00dfe. Als sie den Brand \u00fcber Funk der Leitstelle meldeten liefen auch parallel schon die ersten Notrufe ein. Das Basis-LF, das kurz zuvor die Kostheimer Kameraden [&hellip;]<\/p>\n","protected":false},"author":1,"featured_media":0,"comment_status":"closed","ping_status":"open","sticky":false,"template":"","format":"standard","meta":{"_et_pb_use_builder":"","_et_pb_old_content":"","_et_gb_content_width":"","_crdt_document":"","footnotes":""},"categories":[5],"tags":[321,222,323,322,243],"class_list":["post-844","post","type-post","status-publish","format-standard","hentry","category-einsatze","tag-gartenhausbrand","tag-kastel","tag-mtf","tag-ruckfahrt","tag-wachbesetzung"],"_links":{"self":[{"href":"https:\/\/www.feuerwehrkostheim.de\/index.php?rest_route=\/wp\/v2\/posts\/844","targetHints":{"allow":["GET"]}}],"collection":[{"href":"https:\/\/www.feuerwehrkostheim.de\/index.php?rest_route=\/wp\/v2\/posts"}],"about":[{"href":"https:\/\/www.feuerwehrkostheim.de\/index.php?rest_route=\/wp\/v2\/types\/post"}],"author":[{"embeddable":true,"href":"https:\/\/www.feuerwehrkostheim.de\/index.php?rest_route=\/wp\/v2\/users\/1"}],"replies":[{"embeddable":true,"href":"https:\/\/www.feuerwehrkostheim.de\/index.php?rest_route=%2Fwp%2Fv2%2Fcomments&post=844"}],"version-history":[{"count":0,"href":"https:\/\/www.feuerwehrkostheim.de\/index.php?rest_route=\/wp\/v2\/posts\/844\/revisions"}],"wp:attachment":[{"href":"https:\/\/www.feuerwehrkostheim.de\/index.php?rest_route=%2Fwp%2Fv2%2Fmedia&parent=844"}],"wp:term":[{"taxonomy":"category","embeddable":true,"href":"https:\/\/www.feuerwehrkostheim.de\/index.php?rest_route=%2Fwp%2Fv2%2Fcategories&post=844"},{"taxonomy":"post_tag","embeddable":true,"href":"https:\/\/www.feuerwehrkostheim.de\/index.php?rest_route=%2Fwp%2Fv2%2Ftags&post=844"}],"curies":[{"name":"wp","href":"https:\/\/api.w.org\/{rel}","templated":true}]}}