{"id":8438,"date":"2025-05-12T14:46:00","date_gmt":"2025-05-12T13:46:00","guid":{"rendered":"https:\/\/www.feuerwehrkostheim.de\/?p=8438"},"modified":"2025-05-12T14:46:02","modified_gmt":"2025-05-12T13:46:02","slug":"rauchsaeule-wegen-gartenhuettenbrand","status":"publish","type":"post","link":"https:\/\/www.feuerwehrkostheim.de\/?p=8438","title":{"rendered":"Rauchs\u00e4ule wegen Gartenh\u00fcttenbrand"},"content":{"rendered":"\n<p class=\"wp-block-paragraph\"><strong>&#x1f6a8; 35 \/ 2025<br>&#x1f4c5; 12.05.25 \u2013 &#x1f556; 11:29 Uhr<\/strong><br>&#x1f4cd; Gemarkung Steinern Stra\u00dfe<br>&#x1f4df; F1 L-WASSER<br>&#x26a0;&#xfe0f; Gartenh\u00fcttenbrand<\/p>\n\n\n\n<p class=\"wp-block-paragraph\">Zu einem gemeldeten Gartenh\u00fcttenbrand n\u00f6rdlich der Bahngleise in der Steinern Stra\u00dfe musste die Kostheimer Feuerwehr zusammen mit der Berufsfeuerwehr am sp\u00e4ten Montagvormittag ausr\u00fccken. Wie bereits beim Einsatz am Samstag, war erneut schon auf der Anfahrt die Rauchs\u00e4ule weithin sichtbar.<\/p>\n\n\n\n<p class=\"wp-block-paragraph\">Durch einen Trupp unter Atemschutz konnte das Feuer von den hauptamtlichen Kollegen schnell gel\u00f6scht und eine Ausbreitung verhindert werden. Die ebenfalls alarmierten Kameraden aus Kastel mussten nicht mehr unterst\u00fctzend t\u00e4tig werden und der Einsatz der Feuerwehr konnte nach Abschluss der Nachl\u00f6scharbeiten &#8211; etwa eine Stunde nach Alarmierung &#8211; beendet werden.<\/p>\n","protected":false},"excerpt":{"rendered":"<p>&#x1f6a8; 35 \/ 2025&#x1f4c5; 12.05.25 \u2013 &#x1f556; 11:29 Uhr&#x1f4cd; Gemarkung Steinern Stra\u00dfe&#x1f4df; F1 L-WASSER&#x26a0;&#xfe0f; Gartenh\u00fcttenbrand Zu einem gemeldeten Gartenh\u00fcttenbrand n\u00f6rdlich der Bahngleise in der Steinern Stra\u00dfe musste die Kostheimer Feuerwehr zusammen mit der Berufsfeuerwehr am sp\u00e4ten Montagvormittag ausr\u00fccken. Wie bereits beim Einsatz am Samstag, war erneut schon auf der Anfahrt die Rauchs\u00e4ule weithin sichtbar. Durch [&hellip;]<\/p>\n","protected":false},"author":1,"featured_media":0,"comment_status":"closed","ping_status":"open","sticky":false,"template":"","format":"standard","meta":{"_et_pb_use_builder":"","_et_pb_old_content":"","_et_gb_content_width":"","_crdt_document":"","footnotes":""},"categories":[4,5],"tags":[44,50,1342,60],"class_list":["post-8438","post","type-post","status-publish","format-standard","hentry","category-einsatzabteilung","category-einsatze","tag-atemschutz","tag-brand","tag-f1l-wasser","tag-gartenhutte"],"_links":{"self":[{"href":"https:\/\/www.feuerwehrkostheim.de\/index.php?rest_route=\/wp\/v2\/posts\/8438","targetHints":{"allow":["GET"]}}],"collection":[{"href":"https:\/\/www.feuerwehrkostheim.de\/index.php?rest_route=\/wp\/v2\/posts"}],"about":[{"href":"https:\/\/www.feuerwehrkostheim.de\/index.php?rest_route=\/wp\/v2\/types\/post"}],"author":[{"embeddable":true,"href":"https:\/\/www.feuerwehrkostheim.de\/index.php?rest_route=\/wp\/v2\/users\/1"}],"replies":[{"embeddable":true,"href":"https:\/\/www.feuerwehrkostheim.de\/index.php?rest_route=%2Fwp%2Fv2%2Fcomments&post=8438"}],"version-history":[{"count":1,"href":"https:\/\/www.feuerwehrkostheim.de\/index.php?rest_route=\/wp\/v2\/posts\/8438\/revisions"}],"predecessor-version":[{"id":8440,"href":"https:\/\/www.feuerwehrkostheim.de\/index.php?rest_route=\/wp\/v2\/posts\/8438\/revisions\/8440"}],"wp:attachment":[{"href":"https:\/\/www.feuerwehrkostheim.de\/index.php?rest_route=%2Fwp%2Fv2%2Fmedia&parent=8438"}],"wp:term":[{"taxonomy":"category","embeddable":true,"href":"https:\/\/www.feuerwehrkostheim.de\/index.php?rest_route=%2Fwp%2Fv2%2Fcategories&post=8438"},{"taxonomy":"post_tag","embeddable":true,"href":"https:\/\/www.feuerwehrkostheim.de\/index.php?rest_route=%2Fwp%2Fv2%2Ftags&post=8438"}],"curies":[{"name":"wp","href":"https:\/\/api.w.org\/{rel}","templated":true}]}}