{"id":8436,"date":"2025-05-17T14:12:46","date_gmt":"2025-05-17T13:12:46","guid":{"rendered":"https:\/\/www.feuerwehrkostheim.de\/?p=8436"},"modified":"2025-05-17T14:14:27","modified_gmt":"2025-05-17T13:14:27","slug":"ehrungen-und-vereidigung-im-rathaus-wiesbaden","status":"publish","type":"post","link":"https:\/\/www.feuerwehrkostheim.de\/?p=8436","title":{"rendered":"Ehrungen und Vereidigungen im Wiesbadener Rathaus"},"content":{"rendered":"\n<figure class=\"wp-block-image alignright size-large is-resized\"><img loading=\"lazy\" decoding=\"async\" width=\"819\" height=\"1024\" src=\"https:\/\/www.feuerwehrkostheim.de\/wp-content\/uploads\/2025\/05\/2025-05-11-Rathaus-2-819x1024.jpeg\" alt=\"\" class=\"wp-image-8443\" style=\"aspect-ratio:0.7998223744726742;width:232px;height:auto\"\/><\/figure>\n\n\n\n<p class=\"wp-block-paragraph\">Am zweiten Samstag im Mai fand im gro\u00dfen Saal des Wiesbadener Rathauses die feierliche Verleihung der Anerkennungspr\u00e4mie des Landes Hessen zur W\u00fcrdigung des langj\u00e4hrigen Engagements von Feuerwehrkameradinnen und -kameraden statt. In festlichem Rahmen wurden die Auszeichnungen von Oberb\u00fcrgermeister Gert-Uwe Mende gemeinsam mit dem 2. stellvertretenden Amtsleiter Thorsten Haag vorgenommen.<\/p>\n\n\n\n<p class=\"wp-block-paragraph\">Neben der Vielzahl an Ehrungen f\u00fcr die Freiwillige Feuerwehr Wiesbaden, wurden aus den Reihen der Feuerwehr Kostheim drei verdiente Mitglieder f\u00fcr ihren langj\u00e4hrigen ehrenamtlichen Einsatz ausgezeichnet:<\/p>\n\n\n\n<ul class=\"wp-block-list\">\n<li><strong>Pascal Schuth<\/strong> und <strong>Tobias Steinmetz<\/strong> erhielten die Anerkennungspr\u00e4mie f\u00fcr <strong>10 Jahre<\/strong> Dienstzeit.<\/li>\n\n\n\n<li><strong>Michael Stark<\/strong> wurde f\u00fcr sein langj\u00e4hriges Engagement \u00fcber <strong>30 Jahre<\/strong> hinweg geehrt.<\/li>\n<\/ul>\n\n\n\n<p class=\"wp-block-paragraph\">Die Ehrung w\u00fcrdigt das uneigenn\u00fctzige Handeln, den Mut und das Verantwortungsbewusstsein, das die Kameraden in den vergangenen Jahren unter Beweis gestellt haben \u2013 Werte, die das Fundament des freiwilligen Feuerwehrdienstes bilden.<\/p>\n\n\n\n<p class=\"wp-block-paragraph\">Ein weiterer H\u00f6hepunkt der Veranstaltung war die <strong>Vereidigung der neu gew\u00e4hlten Wehrf\u00fchrer und stellvertretenden Wehrf\u00fchrer<\/strong>. Auch die im letzten Jahr neu gew\u00e4hlte Kostheimer Wehrf\u00fchrung erhielt nach dem Ablegen des Amtseides ihre Ernennungsurkunden.<\/p>\n\n\n\n<div style=\"height:20px\" aria-hidden=\"true\" class=\"wp-block-spacer\"><\/div>\n\n\n\n<figure class=\"wp-block-image size-large\"><img loading=\"lazy\" decoding=\"async\" width=\"1024\" height=\"577\" src=\"https:\/\/www.feuerwehrkostheim.de\/wp-content\/uploads\/2025\/05\/2025-05-11-Rathaus-1-1024x577.jpeg\" alt=\"\" class=\"wp-image-8442\" srcset=\"https:\/\/www.feuerwehrkostheim.de\/wp-content\/uploads\/2025\/05\/2025-05-11-Rathaus-1-980x552.jpeg 980w, https:\/\/www.feuerwehrkostheim.de\/wp-content\/uploads\/2025\/05\/2025-05-11-Rathaus-1-480x270.jpeg 480w\" sizes=\"(min-width: 0px) and (max-width: 480px) 480px, (min-width: 481px) and (max-width: 980px) 980px, (min-width: 981px) 1024px, 100vw\" \/><\/figure>\n","protected":false},"excerpt":{"rendered":"<p>Am zweiten Samstag im Mai fand im gro\u00dfen Saal des Wiesbadener Rathauses die feierliche Verleihung der Anerkennungspr\u00e4mie des Landes Hessen zur W\u00fcrdigung des langj\u00e4hrigen Engagements von Feuerwehrkameradinnen und -kameraden statt. In festlichem Rahmen wurden die Auszeichnungen von Oberb\u00fcrgermeister Gert-Uwe Mende gemeinsam mit dem 2. stellvertretenden Amtsleiter Thorsten Haag vorgenommen. Neben der Vielzahl an Ehrungen f\u00fcr [&hellip;]<\/p>\n","protected":false},"author":1,"featured_media":0,"comment_status":"closed","ping_status":"open","sticky":false,"template":"","format":"standard","meta":{"_et_pb_use_builder":"","_et_pb_old_content":"","_et_gb_content_width":"","_crdt_document":"","footnotes":""},"categories":[4,9],"tags":[1601,1522,502,516,719],"class_list":["post-8436","post","type-post","status-publish","format-standard","hentry","category-einsatzabteilung","category-veranstaltungen","tag-anerkennungspraemie","tag-ehrung","tag-oberburgermeister","tag-rathaus","tag-wehrfuehrer"],"_links":{"self":[{"href":"https:\/\/www.feuerwehrkostheim.de\/index.php?rest_route=\/wp\/v2\/posts\/8436","targetHints":{"allow":["GET"]}}],"collection":[{"href":"https:\/\/www.feuerwehrkostheim.de\/index.php?rest_route=\/wp\/v2\/posts"}],"about":[{"href":"https:\/\/www.feuerwehrkostheim.de\/index.php?rest_route=\/wp\/v2\/types\/post"}],"author":[{"embeddable":true,"href":"https:\/\/www.feuerwehrkostheim.de\/index.php?rest_route=\/wp\/v2\/users\/1"}],"replies":[{"embeddable":true,"href":"https:\/\/www.feuerwehrkostheim.de\/index.php?rest_route=%2Fwp%2Fv2%2Fcomments&post=8436"}],"version-history":[{"count":4,"href":"https:\/\/www.feuerwehrkostheim.de\/index.php?rest_route=\/wp\/v2\/posts\/8436\/revisions"}],"predecessor-version":[{"id":8446,"href":"https:\/\/www.feuerwehrkostheim.de\/index.php?rest_route=\/wp\/v2\/posts\/8436\/revisions\/8446"}],"wp:attachment":[{"href":"https:\/\/www.feuerwehrkostheim.de\/index.php?rest_route=%2Fwp%2Fv2%2Fmedia&parent=8436"}],"wp:term":[{"taxonomy":"category","embeddable":true,"href":"https:\/\/www.feuerwehrkostheim.de\/index.php?rest_route=%2Fwp%2Fv2%2Fcategories&post=8436"},{"taxonomy":"post_tag","embeddable":true,"href":"https:\/\/www.feuerwehrkostheim.de\/index.php?rest_route=%2Fwp%2Fv2%2Ftags&post=8436"}],"curies":[{"name":"wp","href":"https:\/\/api.w.org\/{rel}","templated":true}]}}