{"id":8391,"date":"2025-04-13T12:53:18","date_gmt":"2025-04-13T11:53:18","guid":{"rendered":"https:\/\/www.feuerwehrkostheim.de\/?p=8391"},"modified":"2025-04-13T12:53:47","modified_gmt":"2025-04-13T11:53:47","slug":"vermeintliche-rauchentwicklung-gemeldet","status":"publish","type":"post","link":"https:\/\/www.feuerwehrkostheim.de\/?p=8391","title":{"rendered":"Vermeintliche Rauchentwicklung gemeldet"},"content":{"rendered":"\n<figure class=\"wp-block-image alignright size-large is-resized\"><img loading=\"lazy\" decoding=\"async\" width=\"1024\" height=\"766\" src=\"https:\/\/www.feuerwehrkostheim.de\/wp-content\/uploads\/2025\/04\/2025-04-12-Zelterstrasse-1024x766.jpg\" alt=\"\" class=\"wp-image-8390\" style=\"aspect-ratio:1.3368271318409823;width:349px;height:auto\" srcset=\"https:\/\/www.feuerwehrkostheim.de\/wp-content\/uploads\/2025\/04\/2025-04-12-Zelterstrasse-980x733.jpg 980w, https:\/\/www.feuerwehrkostheim.de\/wp-content\/uploads\/2025\/04\/2025-04-12-Zelterstrasse-480x359.jpg 480w\" sizes=\"(min-width: 0px) and (max-width: 480px) 480px, (min-width: 481px) and (max-width: 980px) 980px, (min-width: 981px) 1024px, 100vw\" \/><\/figure>\n\n\n\n<p class=\"wp-block-paragraph\"><strong>&#x1f6a8; 25 \/ 2025<br>&#x1f4c5; 12.04.25 \u2013 &#x1f556; 07:03 Uhr<\/strong><br>&#x1f4cd; Zelterstra\u00dfe<br>&#x1f4df; F 2<br>&#x26a0;&#xfe0f; Rauchentwicklung<\/p>\n\n\n\n<p class=\"wp-block-paragraph\">Am fr\u00fchen Samstagvormittag l\u00f6ste die Meldung \u00fcber eine Rauchentwicklung im Bereich der Zelterstra\u00dfe einen Feuerwehreinsatz aus. Nachdem die Einsatzkr\u00e4fte vor Ort eintrafen, konnten sie auf Anhieb nichts feststellen. Nachdem auch die \u00dcberpr\u00fcfung in diversen Hochh\u00e4usern keine neue Erkenntnisse brachte, r\u00fcckten die Feuerwehr Kostheim sowie der L\u00f6schzug wieder ein.<\/p>\n","protected":false},"excerpt":{"rendered":"<p>&#x1f6a8; 25 \/ 2025&#x1f4c5; 12.04.25 \u2013 &#x1f556; 07:03 Uhr&#x1f4cd; Zelterstra\u00dfe&#x1f4df; F 2&#x26a0;&#xfe0f; Rauchentwicklung Am fr\u00fchen Samstagvormittag l\u00f6ste die Meldung \u00fcber eine Rauchentwicklung im Bereich der Zelterstra\u00dfe einen Feuerwehreinsatz aus. Nachdem die Einsatzkr\u00e4fte vor Ort eintrafen, konnten sie auf Anhieb nichts feststellen. Nachdem auch die \u00dcberpr\u00fcfung in diversen Hochh\u00e4usern keine neue Erkenntnisse brachte, r\u00fcckten die Feuerwehr [&hellip;]<\/p>\n","protected":false},"author":1,"featured_media":0,"comment_status":"closed","ping_status":"open","sticky":false,"template":"","format":"standard","meta":{"_et_pb_use_builder":"","_et_pb_old_content":"","_et_gb_content_width":"","_crdt_document":"","footnotes":""},"categories":[4,5],"tags":[112,1265,113,111],"class_list":["post-8391","post","type-post","status-publish","format-standard","hentry","category-einsatzabteilung","category-einsatze","tag-brandverdacht","tag-f2","tag-fehlalarm","tag-rauchentwicklung"],"_links":{"self":[{"href":"https:\/\/www.feuerwehrkostheim.de\/index.php?rest_route=\/wp\/v2\/posts\/8391","targetHints":{"allow":["GET"]}}],"collection":[{"href":"https:\/\/www.feuerwehrkostheim.de\/index.php?rest_route=\/wp\/v2\/posts"}],"about":[{"href":"https:\/\/www.feuerwehrkostheim.de\/index.php?rest_route=\/wp\/v2\/types\/post"}],"author":[{"embeddable":true,"href":"https:\/\/www.feuerwehrkostheim.de\/index.php?rest_route=\/wp\/v2\/users\/1"}],"replies":[{"embeddable":true,"href":"https:\/\/www.feuerwehrkostheim.de\/index.php?rest_route=%2Fwp%2Fv2%2Fcomments&post=8391"}],"version-history":[{"count":2,"href":"https:\/\/www.feuerwehrkostheim.de\/index.php?rest_route=\/wp\/v2\/posts\/8391\/revisions"}],"predecessor-version":[{"id":8393,"href":"https:\/\/www.feuerwehrkostheim.de\/index.php?rest_route=\/wp\/v2\/posts\/8391\/revisions\/8393"}],"wp:attachment":[{"href":"https:\/\/www.feuerwehrkostheim.de\/index.php?rest_route=%2Fwp%2Fv2%2Fmedia&parent=8391"}],"wp:term":[{"taxonomy":"category","embeddable":true,"href":"https:\/\/www.feuerwehrkostheim.de\/index.php?rest_route=%2Fwp%2Fv2%2Fcategories&post=8391"},{"taxonomy":"post_tag","embeddable":true,"href":"https:\/\/www.feuerwehrkostheim.de\/index.php?rest_route=%2Fwp%2Fv2%2Ftags&post=8391"}],"curies":[{"name":"wp","href":"https:\/\/api.w.org\/{rel}","templated":true}]}}