{"id":8381,"date":"2025-04-09T13:24:49","date_gmt":"2025-04-09T12:24:49","guid":{"rendered":"https:\/\/www.feuerwehrkostheim.de\/?p=8381"},"modified":"2025-04-09T13:24:52","modified_gmt":"2025-04-09T12:24:52","slug":"glutnester-schnell-abgeloescht","status":"publish","type":"post","link":"https:\/\/www.feuerwehrkostheim.de\/?p=8381","title":{"rendered":"Glutnester schnell abgel\u00f6scht"},"content":{"rendered":"\n<p class=\"wp-block-paragraph\"><strong>&#x1f6a8; 23 \/ 2025<br>&#x1f4c5; 08.04.25 \u2013 &#x1f556; 17:03 Uhr<\/strong><br>&#x1f4cd; Eisenbahnstra\u00dfe (Kastel)<br>&#x1f4df; F 1 L-Wasser<br>&#x26a0;&#xfe0f; Vegetationsbrand<\/p>\n\n\n\n<p class=\"wp-block-paragraph\">Gegen 17 Uhr alarmierte die Rettungsleitstelle die Wehren aus Kostheim und Kastel sowie Einheiten der Berufsfeuerwehr zu einem gemeldeten Vegetationsbrand im erweiterten Bereich der Gleisanlagen \u00f6stlich des Kasteler Bahnhofes. W\u00e4hrend sich die Kostheimer Kr\u00e4fte \u00fcber das Wohngebiet \u201eLindeviertel\u201c auf die Suche nach m\u00f6glichen Brandnestern begaben, steuerten die \u00fcbrigen Einheiten \u00fcber den Bahnhof die Einsatzstelle an.<br>Es wurden Glutnester vorgefunden, die aufgrund der Vegetation schwer zu erreichen waren. Dennoch konnten sie erfolgreich abgel\u00f6scht werden, sodass ein Aufflammen des Feuers unterbunden werden konnte.<\/p>\n","protected":false},"excerpt":{"rendered":"<p>&#x1f6a8; 23 \/ 2025&#x1f4c5; 08.04.25 \u2013 &#x1f556; 17:03 Uhr&#x1f4cd; Eisenbahnstra\u00dfe (Kastel)&#x1f4df; F 1 L-Wasser&#x26a0;&#xfe0f; Vegetationsbrand Gegen 17 Uhr alarmierte die Rettungsleitstelle die Wehren aus Kostheim und Kastel sowie Einheiten der Berufsfeuerwehr zu einem gemeldeten Vegetationsbrand im erweiterten Bereich der Gleisanlagen \u00f6stlich des Kasteler Bahnhofes. W\u00e4hrend sich die Kostheimer Kr\u00e4fte \u00fcber das Wohngebiet \u201eLindeviertel\u201c auf die [&hellip;]<\/p>\n","protected":false},"author":1,"featured_media":0,"comment_status":"closed","ping_status":"open","sticky":false,"template":"","format":"standard","meta":{"_et_pb_use_builder":"","_et_pb_old_content":"","_et_gb_content_width":"","_crdt_document":"","footnotes":""},"categories":[4,5],"tags":[110,1342,1837,222,1836],"class_list":["post-8381","post","type-post","status-publish","format-standard","hentry","category-einsatzabteilung","category-einsatze","tag-alarmgruppe","tag-f1l-wasser","tag-gleis","tag-kastel","tag-vegetationsbrand"],"_links":{"self":[{"href":"https:\/\/www.feuerwehrkostheim.de\/index.php?rest_route=\/wp\/v2\/posts\/8381","targetHints":{"allow":["GET"]}}],"collection":[{"href":"https:\/\/www.feuerwehrkostheim.de\/index.php?rest_route=\/wp\/v2\/posts"}],"about":[{"href":"https:\/\/www.feuerwehrkostheim.de\/index.php?rest_route=\/wp\/v2\/types\/post"}],"author":[{"embeddable":true,"href":"https:\/\/www.feuerwehrkostheim.de\/index.php?rest_route=\/wp\/v2\/users\/1"}],"replies":[{"embeddable":true,"href":"https:\/\/www.feuerwehrkostheim.de\/index.php?rest_route=%2Fwp%2Fv2%2Fcomments&post=8381"}],"version-history":[{"count":1,"href":"https:\/\/www.feuerwehrkostheim.de\/index.php?rest_route=\/wp\/v2\/posts\/8381\/revisions"}],"predecessor-version":[{"id":8382,"href":"https:\/\/www.feuerwehrkostheim.de\/index.php?rest_route=\/wp\/v2\/posts\/8381\/revisions\/8382"}],"wp:attachment":[{"href":"https:\/\/www.feuerwehrkostheim.de\/index.php?rest_route=%2Fwp%2Fv2%2Fmedia&parent=8381"}],"wp:term":[{"taxonomy":"category","embeddable":true,"href":"https:\/\/www.feuerwehrkostheim.de\/index.php?rest_route=%2Fwp%2Fv2%2Fcategories&post=8381"},{"taxonomy":"post_tag","embeddable":true,"href":"https:\/\/www.feuerwehrkostheim.de\/index.php?rest_route=%2Fwp%2Fv2%2Ftags&post=8381"}],"curies":[{"name":"wp","href":"https:\/\/api.w.org\/{rel}","templated":true}]}}