{"id":8363,"date":"2025-03-18T20:24:12","date_gmt":"2025-03-18T19:24:12","guid":{"rendered":"https:\/\/www.feuerwehrkostheim.de\/?p=8363"},"modified":"2025-03-18T20:24:59","modified_gmt":"2025-03-18T19:24:59","slug":"feuer-im-garten-schnell-geloescht","status":"publish","type":"post","link":"https:\/\/www.feuerwehrkostheim.de\/?p=8363","title":{"rendered":"Feuer im Garten schnell gel\u00f6scht"},"content":{"rendered":"\n<figure class=\"wp-block-image alignright size-large is-resized\"><a href=\"https:\/\/www.feuerwehrkostheim.de\/wp-content\/uploads\/2025\/03\/2025-03-18-Feuer-Garten-scaled.jpg\"><img loading=\"lazy\" decoding=\"async\" width=\"768\" height=\"1024\" src=\"https:\/\/www.feuerwehrkostheim.de\/wp-content\/uploads\/2025\/03\/2025-03-18-Feuer-Garten-768x1024.jpg\" alt=\"\" class=\"wp-image-8362\" style=\"width:221px;height:auto\"\/><\/a><\/figure>\n\n\n\n<p class=\"wp-block-paragraph\"><strong>&#x1f6a8; 18 \/ 2025<br>&#x1f4c5; 18.03.25 \u2013 &#x1f556; 17:04 Uhr<\/strong><br>&#x1f4cd; Castellumstra\u00dfe (Kastel)<br>&#x1f4df; F 1 L-WASSER<br>&#x26a0;&#xfe0f; Feuer im Garten<\/p>\n\n\n\n<p class=\"wp-block-paragraph\">Am Dienstagnachmittag musste die Feuerwehr Kostheim zusammen mit den Kollegen aus Kastel sowie der Berufsfeuerwehr in die Castellumstra\u00dfe ausr\u00fccken um dort ein Feuer in einem Garten zu l\u00f6schen. Der Brand, der auch eine Hecke sowie einen Strauch in Mitleidenschaft zog konnte schnell gel\u00f6scht werden, sodass das Ausbreiten effektiv verhindert werden konnte. Zwei Trupps unter Atemschutz kamen hierbei zum Einsatz.<\/p>\n\n\n\n<p class=\"wp-block-paragraph\">Nach einer Stunde waren die L\u00f6scharbeiten beendet und man konnte zum Aufr\u00fcsten der Fahrzeuge erst die Feuerwache 2 und danach wieder den Heimatstandort ansteuern.<\/p>\n","protected":false},"excerpt":{"rendered":"<p>&#x1f6a8; 18 \/ 2025&#x1f4c5; 18.03.25 \u2013 &#x1f556; 17:04 Uhr&#x1f4cd; Castellumstra\u00dfe (Kastel)&#x1f4df; F 1 L-WASSER&#x26a0;&#xfe0f; Feuer im Garten Am Dienstagnachmittag musste die Feuerwehr Kostheim zusammen mit den Kollegen aus Kastel sowie der Berufsfeuerwehr in die Castellumstra\u00dfe ausr\u00fccken um dort ein Feuer in einem Garten zu l\u00f6schen. Der Brand, der auch eine Hecke sowie einen Strauch in [&hellip;]<\/p>\n","protected":false},"author":1,"featured_media":0,"comment_status":"closed","ping_status":"open","sticky":false,"template":"","format":"standard","meta":{"_et_pb_use_builder":"","_et_pb_old_content":"","_et_gb_content_width":"","_crdt_document":"","footnotes":""},"categories":[4,5],"tags":[110,44,50,1342,31,863],"class_list":["post-8363","post","type-post","status-publish","format-standard","hentry","category-einsatzabteilung","category-einsatze","tag-alarmgruppe","tag-atemschutz","tag-brand","tag-f1l-wasser","tag-feuer","tag-garten"],"_links":{"self":[{"href":"https:\/\/www.feuerwehrkostheim.de\/index.php?rest_route=\/wp\/v2\/posts\/8363","targetHints":{"allow":["GET"]}}],"collection":[{"href":"https:\/\/www.feuerwehrkostheim.de\/index.php?rest_route=\/wp\/v2\/posts"}],"about":[{"href":"https:\/\/www.feuerwehrkostheim.de\/index.php?rest_route=\/wp\/v2\/types\/post"}],"author":[{"embeddable":true,"href":"https:\/\/www.feuerwehrkostheim.de\/index.php?rest_route=\/wp\/v2\/users\/1"}],"replies":[{"embeddable":true,"href":"https:\/\/www.feuerwehrkostheim.de\/index.php?rest_route=%2Fwp%2Fv2%2Fcomments&post=8363"}],"version-history":[{"count":2,"href":"https:\/\/www.feuerwehrkostheim.de\/index.php?rest_route=\/wp\/v2\/posts\/8363\/revisions"}],"predecessor-version":[{"id":8365,"href":"https:\/\/www.feuerwehrkostheim.de\/index.php?rest_route=\/wp\/v2\/posts\/8363\/revisions\/8365"}],"wp:attachment":[{"href":"https:\/\/www.feuerwehrkostheim.de\/index.php?rest_route=%2Fwp%2Fv2%2Fmedia&parent=8363"}],"wp:term":[{"taxonomy":"category","embeddable":true,"href":"https:\/\/www.feuerwehrkostheim.de\/index.php?rest_route=%2Fwp%2Fv2%2Fcategories&post=8363"},{"taxonomy":"post_tag","embeddable":true,"href":"https:\/\/www.feuerwehrkostheim.de\/index.php?rest_route=%2Fwp%2Fv2%2Ftags&post=8363"}],"curies":[{"name":"wp","href":"https:\/\/api.w.org\/{rel}","templated":true}]}}