{"id":8354,"date":"2025-03-04T09:45:00","date_gmt":"2025-03-04T08:45:00","guid":{"rendered":"https:\/\/www.feuerwehrkostheim.de\/?p=8354"},"modified":"2025-03-18T10:31:13","modified_gmt":"2025-03-18T09:31:13","slug":"jugendfeuerwehr-beim-fastnachtsumzug","status":"publish","type":"post","link":"https:\/\/www.feuerwehrkostheim.de\/?p=8354","title":{"rendered":"Jugendfeuerwehr beim Fastnachtsumzug"},"content":{"rendered":"\n<p class=\"wp-block-paragraph\">Auch in diesem Jahr nahm die Jugendfeuerwehr wieder am traditionellen AKK-Umzug teil. Die Vorbereitungen f\u00fcr den AKK-Fastnachtsumzug begannen in diesem Jahr&nbsp;erst am Tag vor dem Umzug, da der T\u00dcV f\u00fcr dieses Jahr bereits im Januar abgenommen wurde.<\/p>\n\n\n\n<p class=\"wp-block-paragraph\">Der Fastnachtswagen wurde durch die Helfer an nur einem Abend in der Halle des Feuerwehrger\u00e4tehauses aufgebaut. Am n\u00e4chsten Morgen wurde er noch mit Luftballons und Luftschlangen geschm\u00fcckt und mit dem vorhandenen Wurfmaterial best\u00fcckt. P\u00fcnktlich zur n\u00e4rrischen Zeit um 11:11 Uhr versammelten sich die Jugendlichen an der Feuerwehr. Kurz danach machte man sich auf den Weg zum Aufstellungsplatz. wo es die traditionelle St\u00e4rkung in Form von Weck und Worscht gab. Gut gest\u00e4rkt konnte man sich mit der Zugnummer neun und bei angenehmen Wetter auf den langen Zugweg machen.<\/p>\n\n\n\n<figure class=\"wp-block-image size-large\"><a href=\"https:\/\/www.feuerwehrkostheim.de\/wp-content\/uploads\/2025\/03\/2025-03-01-JF-Umzug-scaled.jpeg\"><img loading=\"lazy\" decoding=\"async\" width=\"1024\" height=\"755\" src=\"https:\/\/www.feuerwehrkostheim.de\/wp-content\/uploads\/2025\/03\/2025-03-01-JF-Umzug-1024x755.jpeg\" alt=\"\" class=\"wp-image-8356\" srcset=\"https:\/\/www.feuerwehrkostheim.de\/wp-content\/uploads\/2025\/03\/2025-03-01-JF-Umzug-980x722.jpeg 980w, https:\/\/www.feuerwehrkostheim.de\/wp-content\/uploads\/2025\/03\/2025-03-01-JF-Umzug-480x354.jpeg 480w\" sizes=\"(min-width: 0px) and (max-width: 480px) 480px, (min-width: 481px) and (max-width: 980px) 980px, (min-width: 981px) 1024px, 100vw\" \/><\/a><\/figure>\n\n\n\n<p class=\"wp-block-paragraph\">Es war wieder ein gelungener Umzug und wir freuen uns schon aufs n\u00e4chste Jahr. Zum Abschluss m\u00f6chten wir uns bei unseren Unterst\u00fctzern bedanken, denn ohne diese Unterst\u00fctzung w\u00e4re die Teilnahme am Umzug nicht m\u00f6glich gewesen:<\/p>\n\n\n\n<p class=\"has-text-align-center wp-block-paragraph\"><strong>Baumschule Heinrich aus Bischofsheim f\u00fcr die Leihgabe des LKW<\/strong><\/p>\n\n\n\n<p class=\"has-text-align-center wp-block-paragraph\"><strong>Da Silva Immobilien aus Kostheim f\u00fcr das Wurfmaterial<\/strong><\/p>\n","protected":false},"excerpt":{"rendered":"<p>Auch in diesem Jahr nahm die Jugendfeuerwehr wieder am traditionellen AKK-Umzug teil. Die Vorbereitungen f\u00fcr den AKK-Fastnachtsumzug begannen in diesem Jahr&nbsp;erst am Tag vor dem Umzug, da der T\u00dcV f\u00fcr dieses Jahr bereits im Januar abgenommen wurde. Der Fastnachtswagen wurde durch die Helfer an nur einem Abend in der Halle des Feuerwehrger\u00e4tehauses aufgebaut. Am n\u00e4chsten [&hellip;]<\/p>\n","protected":false},"author":1,"featured_media":0,"comment_status":"closed","ping_status":"open","sticky":false,"template":"","format":"standard","meta":{"_et_pb_use_builder":"","_et_pb_old_content":"","_et_gb_content_width":"","_crdt_document":"","footnotes":""},"categories":[7,9],"tags":[190,187,551,189,1578],"class_list":["post-8354","post","type-post","status-publish","format-standard","hentry","category-jugendfeuerwehr","category-veranstaltungen","tag-akk","tag-fastnacht","tag-jugend","tag-umzug","tag-wagen"],"_links":{"self":[{"href":"https:\/\/www.feuerwehrkostheim.de\/index.php?rest_route=\/wp\/v2\/posts\/8354","targetHints":{"allow":["GET"]}}],"collection":[{"href":"https:\/\/www.feuerwehrkostheim.de\/index.php?rest_route=\/wp\/v2\/posts"}],"about":[{"href":"https:\/\/www.feuerwehrkostheim.de\/index.php?rest_route=\/wp\/v2\/types\/post"}],"author":[{"embeddable":true,"href":"https:\/\/www.feuerwehrkostheim.de\/index.php?rest_route=\/wp\/v2\/users\/1"}],"replies":[{"embeddable":true,"href":"https:\/\/www.feuerwehrkostheim.de\/index.php?rest_route=%2Fwp%2Fv2%2Fcomments&post=8354"}],"version-history":[{"count":2,"href":"https:\/\/www.feuerwehrkostheim.de\/index.php?rest_route=\/wp\/v2\/posts\/8354\/revisions"}],"predecessor-version":[{"id":8357,"href":"https:\/\/www.feuerwehrkostheim.de\/index.php?rest_route=\/wp\/v2\/posts\/8354\/revisions\/8357"}],"wp:attachment":[{"href":"https:\/\/www.feuerwehrkostheim.de\/index.php?rest_route=%2Fwp%2Fv2%2Fmedia&parent=8354"}],"wp:term":[{"taxonomy":"category","embeddable":true,"href":"https:\/\/www.feuerwehrkostheim.de\/index.php?rest_route=%2Fwp%2Fv2%2Fcategories&post=8354"},{"taxonomy":"post_tag","embeddable":true,"href":"https:\/\/www.feuerwehrkostheim.de\/index.php?rest_route=%2Fwp%2Fv2%2Ftags&post=8354"}],"curies":[{"name":"wp","href":"https:\/\/api.w.org\/{rel}","templated":true}]}}