{"id":8320,"date":"2025-02-24T12:44:51","date_gmt":"2025-02-24T11:44:51","guid":{"rendered":"https:\/\/www.feuerwehrkostheim.de\/?p=8320"},"modified":"2025-02-24T21:58:24","modified_gmt":"2025-02-24T20:58:24","slug":"feuer-in-einer-stromunterverteilung","status":"publish","type":"post","link":"https:\/\/www.feuerwehrkostheim.de\/?p=8320","title":{"rendered":"Feuer in einer Stromunterverteilung"},"content":{"rendered":"\n<figure class=\"wp-block-image alignright size-large is-resized\"><img loading=\"lazy\" decoding=\"async\" width=\"1024\" height=\"768\" src=\"https:\/\/www.feuerwehrkostheim.de\/wp-content\/uploads\/2025\/02\/image10-1024x768.jpeg\" alt=\"\" class=\"wp-image-8322\" style=\"width:323px;height:auto\" srcset=\"https:\/\/www.feuerwehrkostheim.de\/wp-content\/uploads\/2025\/02\/image10-980x735.jpeg 980w, https:\/\/www.feuerwehrkostheim.de\/wp-content\/uploads\/2025\/02\/image10-480x360.jpeg 480w\" sizes=\"(min-width: 0px) and (max-width: 480px) 480px, (min-width: 481px) and (max-width: 980px) 980px, (min-width: 981px) 1024px, 100vw\" \/><\/figure>\n\n\n\n<p class=\"wp-block-paragraph\"><strong>&#x1f6a8; 13 \/ 2025<br>&#x1f4c5; 24.02.25 \u2013 &#x1f556; 09:48 Uhr<\/strong><br>&#x1f4cd; Im Sampel<br>&#x1f4df; F 2<br>&#x26a0;&#xfe0f; Brandverdacht Elektroverteilung<\/p>\n\n\n\n<p class=\"wp-block-paragraph\">Auch in der neuen Woche setzt sich die Einsatzserie der Kostheimer Wehr fort. Zusammen mit den Kameraden aus Kastel sowie des L\u00f6schzuges der Berufsfeuerwehr r\u00fcckte man zu einem gemeldeten Verteilerkastenbrand in die Stra\u00dfe \u201eIm Sampel\u201c aus.<br>Vor Ort best\u00e4tigte sich die Einsatzmeldung &#8211; es brannte die in einer Erdgeschosswohnung installierte Elektrounterverteilung. Neben den eigentlichen L\u00f6schma\u00dfnahmen galt es auch, das leicht mit Rauch beaufschlagte Treppenhaus sowie die Wohnungen oberhalb des Brandortes auf gef\u00e4hrdete Personen zu kontrollieren.<br>Neben der Feuerwehr waren auch die Polizei, der Rettungsdienst sowie der Energieversorger an der Einsatzstelle. Nach etwas mehr als einer Stunde konnten die ersten Kr\u00e4fte wieder abr\u00fccken und der Einsatz danach beendet werden.<\/p>\n","protected":false},"excerpt":{"rendered":"<p>&#x1f6a8; 13 \/ 2025&#x1f4c5; 24.02.25 \u2013 &#x1f556; 09:48 Uhr&#x1f4cd; Im Sampel&#x1f4df; F 2&#x26a0;&#xfe0f; Brandverdacht Elektroverteilung Auch in der neuen Woche setzt sich die Einsatzserie der Kostheimer Wehr fort. Zusammen mit den Kameraden aus Kastel sowie des L\u00f6schzuges der Berufsfeuerwehr r\u00fcckte man zu einem gemeldeten Verteilerkastenbrand in die Stra\u00dfe \u201eIm Sampel\u201c aus.Vor Ort best\u00e4tigte sich die [&hellip;]<\/p>\n","protected":false},"author":1,"featured_media":0,"comment_status":"closed","ping_status":"open","sticky":false,"template":"","format":"standard","meta":{"_et_pb_use_builder":"","_et_pb_old_content":"","_et_gb_content_width":"","_crdt_document":"","footnotes":""},"categories":[4,5],"tags":[110,50,1265,111,1830],"class_list":["post-8320","post","type-post","status-publish","format-standard","hentry","category-einsatzabteilung","category-einsatze","tag-alarmgruppe","tag-brand","tag-f2","tag-rauchentwicklung","tag-unterverteilung"],"_links":{"self":[{"href":"https:\/\/www.feuerwehrkostheim.de\/index.php?rest_route=\/wp\/v2\/posts\/8320","targetHints":{"allow":["GET"]}}],"collection":[{"href":"https:\/\/www.feuerwehrkostheim.de\/index.php?rest_route=\/wp\/v2\/posts"}],"about":[{"href":"https:\/\/www.feuerwehrkostheim.de\/index.php?rest_route=\/wp\/v2\/types\/post"}],"author":[{"embeddable":true,"href":"https:\/\/www.feuerwehrkostheim.de\/index.php?rest_route=\/wp\/v2\/users\/1"}],"replies":[{"embeddable":true,"href":"https:\/\/www.feuerwehrkostheim.de\/index.php?rest_route=%2Fwp%2Fv2%2Fcomments&post=8320"}],"version-history":[{"count":4,"href":"https:\/\/www.feuerwehrkostheim.de\/index.php?rest_route=\/wp\/v2\/posts\/8320\/revisions"}],"predecessor-version":[{"id":8326,"href":"https:\/\/www.feuerwehrkostheim.de\/index.php?rest_route=\/wp\/v2\/posts\/8320\/revisions\/8326"}],"wp:attachment":[{"href":"https:\/\/www.feuerwehrkostheim.de\/index.php?rest_route=%2Fwp%2Fv2%2Fmedia&parent=8320"}],"wp:term":[{"taxonomy":"category","embeddable":true,"href":"https:\/\/www.feuerwehrkostheim.de\/index.php?rest_route=%2Fwp%2Fv2%2Fcategories&post=8320"},{"taxonomy":"post_tag","embeddable":true,"href":"https:\/\/www.feuerwehrkostheim.de\/index.php?rest_route=%2Fwp%2Fv2%2Ftags&post=8320"}],"curies":[{"name":"wp","href":"https:\/\/api.w.org\/{rel}","templated":true}]}}