{"id":8307,"date":"2025-02-23T21:02:36","date_gmt":"2025-02-23T20:02:36","guid":{"rendered":"https:\/\/www.feuerwehrkostheim.de\/?p=8307"},"modified":"2025-02-23T21:11:58","modified_gmt":"2025-02-23T20:11:58","slug":"neue-jugendfeuerwehrleitung-in-kostheim","status":"publish","type":"post","link":"https:\/\/www.feuerwehrkostheim.de\/?p=8307","title":{"rendered":"Neue Jugendfeuerwehrleitung in Kostheim"},"content":{"rendered":"\n<figure class=\"wp-block-image alignright size-large is-resized\"><img loading=\"lazy\" decoding=\"async\" width=\"747\" height=\"1024\" src=\"https:\/\/www.feuerwehrkostheim.de\/wp-content\/uploads\/2025\/02\/2025-02-22-JF-747x1024.jpg\" alt=\"\" class=\"wp-image-8308\" style=\"width:290px;height:auto\"\/><\/figure>\n\n\n\n<p class=\"wp-block-paragraph\">Am gestrigen Samstag fanden im Rahmen der Jahreshauptversammlung der Jugendfeuerwehr Kostheim neben den Neuwahlen des Jugendwehrausschusses, auch die Neuwahlen der Leitungsposten in der Jugendfeuerwehr statt.\u00a0<\/p>\n\n\n\n<p class=\"wp-block-paragraph\">Fabian Wotzlaw, der bisherige Jugendwart und Bianca Stark, die bisherige stellvertretende Jugendwartin, legten nach zahlreichen Jahren engagierter Arbeit als Leitung der Jugendfeuerwehr ihre \u00c4mter nieder und \u00fcbergaben das Zepter an zwei engagierte Nachfolger &#8211;  Stefan Wagner und Oliver Stein.<\/p>\n\n\n\n<p class=\"wp-block-paragraph\">Fabian Wotzlaw stieg bereits 2013 als Jugendgruppenbetreuer in der Jugendwehr ein und \u00fcbernahm 2016 das Amt des stv. Jugendwartes. Von 2020 an bis zuletzt \u00fcbte er das Amt des Jugendwartes aus. \u00dcber insgesamt 12 Jahre pr\u00e4gte er die Kostheimer Jugendfeuerwehr.&nbsp;<\/p>\n\n\n\n<p class=\"wp-block-paragraph\">Bianca Stark stieg 2017, ebenfalls als Jugendgruppenbetreuerin, in die Jugendarbeit ein und \u00fcbernahm 2020 ihr bisheriges Amt als stellvertretende Jugendwartin. Sie war \u00fcber acht Jahre hinweg wertvoller Bestandteil der Kostheimer Jugendfeuerwehr und setzt ihre engagierte Arbeit weiterhin in der Kinderfeuerwehr fort.<\/p>\n\n\n\n<p class=\"wp-block-paragraph\">Als Dankesch\u00f6n f\u00fcr ihre Verdienste erhielten die bisherigen Jugendleiter noch einige Pr\u00e4sente. Nicht zuletzt von Mitgliedern der Jugendfeuerwehr selbst, die damit ihre Wertsch\u00e4tzung zum Ausdruck brachten.<\/p>\n\n\n\n<p class=\"wp-block-paragraph\">Au\u00dferdem wurde Fabian Wotzlaw f\u00fcr seine Verdienste im Feuerwehrwesen der Stadt Wiesbaden mit der Ehrenmedaille in Bronze des Kreisfeuerwehrverbandes ausgezeichnet.<\/p>\n\n\n\n<p class=\"wp-block-paragraph\">Die Kameraden Stefan Wagner (Jugendwart) und Oliver Stein (Stv. Jugendwart) wurden nach einstimmiger Wahl zu ihrem jeweiligen Amt ernannt und \u00fcbernehmen nun diese verantwortungsvolle Aufgabe. Gemeinsam bilden sie die neue Leitung der Jugendfeuerwehr Kostheim.&nbsp;<\/p>\n\n\n\n<p class=\"wp-block-paragraph\">Sie beide greifen nach mehreren Jahren als Jugendgruppenbetreuer auf einen gro\u00dfen Erfahrungsschatz zur\u00fcck, der dem Amtswechsel einen reibungslosen \u00dcbergang verspricht.<\/p>\n\n\n\n<p class=\"wp-block-paragraph\">Die Kostheimer Feuerwehr w\u00fcnscht den neuen Jugendwarten allzeit gutes Gelingen, viel Freude und Erfolg bei ihrer neuen Aufgabe!<\/p>\n","protected":false},"excerpt":{"rendered":"<p>Am gestrigen Samstag fanden im Rahmen der Jahreshauptversammlung der Jugendfeuerwehr Kostheim neben den Neuwahlen des Jugendwehrausschusses, auch die Neuwahlen der Leitungsposten in der Jugendfeuerwehr statt.\u00a0 Fabian Wotzlaw, der bisherige Jugendwart und Bianca Stark, die bisherige stellvertretende Jugendwartin, legten nach zahlreichen Jahren engagierter Arbeit als Leitung der Jugendfeuerwehr ihre \u00c4mter nieder und \u00fcbergaben das Zepter an [&hellip;]<\/p>\n","protected":false},"author":1,"featured_media":0,"comment_status":"closed","ping_status":"open","sticky":false,"template":"","format":"standard","meta":{"_et_pb_use_builder":"","_et_pb_old_content":"","_et_gb_content_width":"","_crdt_document":"","footnotes":""},"categories":[7],"tags":[1522,828,1320,720,1828],"class_list":["post-8307","post","type-post","status-publish","format-standard","hentry","category-jugendfeuerwehr","tag-ehrung","tag-jugendfeuerwehr","tag-leitung","tag-neuwahl","tag-wechsel"],"_links":{"self":[{"href":"https:\/\/www.feuerwehrkostheim.de\/index.php?rest_route=\/wp\/v2\/posts\/8307","targetHints":{"allow":["GET"]}}],"collection":[{"href":"https:\/\/www.feuerwehrkostheim.de\/index.php?rest_route=\/wp\/v2\/posts"}],"about":[{"href":"https:\/\/www.feuerwehrkostheim.de\/index.php?rest_route=\/wp\/v2\/types\/post"}],"author":[{"embeddable":true,"href":"https:\/\/www.feuerwehrkostheim.de\/index.php?rest_route=\/wp\/v2\/users\/1"}],"replies":[{"embeddable":true,"href":"https:\/\/www.feuerwehrkostheim.de\/index.php?rest_route=%2Fwp%2Fv2%2Fcomments&post=8307"}],"version-history":[{"count":3,"href":"https:\/\/www.feuerwehrkostheim.de\/index.php?rest_route=\/wp\/v2\/posts\/8307\/revisions"}],"predecessor-version":[{"id":8311,"href":"https:\/\/www.feuerwehrkostheim.de\/index.php?rest_route=\/wp\/v2\/posts\/8307\/revisions\/8311"}],"wp:attachment":[{"href":"https:\/\/www.feuerwehrkostheim.de\/index.php?rest_route=%2Fwp%2Fv2%2Fmedia&parent=8307"}],"wp:term":[{"taxonomy":"category","embeddable":true,"href":"https:\/\/www.feuerwehrkostheim.de\/index.php?rest_route=%2Fwp%2Fv2%2Fcategories&post=8307"},{"taxonomy":"post_tag","embeddable":true,"href":"https:\/\/www.feuerwehrkostheim.de\/index.php?rest_route=%2Fwp%2Fv2%2Ftags&post=8307"}],"curies":[{"name":"wp","href":"https:\/\/api.w.org\/{rel}","templated":true}]}}