{"id":8297,"date":"2025-02-18T16:38:27","date_gmt":"2025-02-18T15:38:27","guid":{"rendered":"https:\/\/www.feuerwehrkostheim.de\/?p=8297"},"modified":"2025-02-23T21:21:10","modified_gmt":"2025-02-23T20:21:10","slug":"gemeldeter-pkw-brand-2","status":"publish","type":"post","link":"https:\/\/www.feuerwehrkostheim.de\/?p=8297","title":{"rendered":"Gemeldeter PKW-Brand"},"content":{"rendered":"\n<p class=\"wp-block-paragraph\"><strong>&#x1f6a8; 08 \/ 2025<br>&#x1f4c5; 18.02.25 \u2013 &#x1f556; 15:42 Uhr<\/strong><br>&#x1f4cd; Kostheimer Landstra\u00dfe<br>&#x1f4df; F 1<br>&#x26a0;&#xfe0f; Verdacht PKW Brand<\/p>\n\n\n\n<p class=\"wp-block-paragraph\">Am Dienstagmittag r\u00fcckten je ein L\u00f6schfahrzeug von Berufsfeuerwehr und Kostheimer Wehr aus, um einem vermeintlichen PKW-Brand in der Kostheimer Landstra\u00dfe zu l\u00f6schen. Nachdem man kurze Zeit sp\u00e4ter vor Ort eintraf konnte nichts festgestellt werden. Da auch die \u00dcberpr\u00fcfung im n\u00e4heren Umfeld keine weiteren Erkenntnisse ergab, brach man den Einsatz ergebnislos ab und r\u00fcckte wieder zu den jeweiligen Standorten ein.<\/p>\n","protected":false},"excerpt":{"rendered":"<p>&#x1f6a8; 08 \/ 2025&#x1f4c5; 18.02.25 \u2013 &#x1f556; 15:42 Uhr&#x1f4cd; Kostheimer Landstra\u00dfe&#x1f4df; F 1&#x26a0;&#xfe0f; Verdacht PKW Brand Am Dienstagmittag r\u00fcckten je ein L\u00f6schfahrzeug von Berufsfeuerwehr und Kostheimer Wehr aus, um einem vermeintlichen PKW-Brand in der Kostheimer Landstra\u00dfe zu l\u00f6schen. Nachdem man kurze Zeit sp\u00e4ter vor Ort eintraf konnte nichts festgestellt werden. Da auch die \u00dcberpr\u00fcfung im [&hellip;]<\/p>\n","protected":false},"author":1,"featured_media":0,"comment_status":"closed","ping_status":"open","sticky":false,"template":"","format":"standard","meta":{"_et_pb_use_builder":"","_et_pb_old_content":"","_et_gb_content_width":"","_crdt_document":"","footnotes":""},"categories":[1],"tags":[112,1262,113,422],"class_list":["post-8297","post","type-post","status-publish","format-standard","hentry","category-allgemein","tag-brandverdacht","tag-f1","tag-fehlalarm","tag-pkw"],"_links":{"self":[{"href":"https:\/\/www.feuerwehrkostheim.de\/index.php?rest_route=\/wp\/v2\/posts\/8297","targetHints":{"allow":["GET"]}}],"collection":[{"href":"https:\/\/www.feuerwehrkostheim.de\/index.php?rest_route=\/wp\/v2\/posts"}],"about":[{"href":"https:\/\/www.feuerwehrkostheim.de\/index.php?rest_route=\/wp\/v2\/types\/post"}],"author":[{"embeddable":true,"href":"https:\/\/www.feuerwehrkostheim.de\/index.php?rest_route=\/wp\/v2\/users\/1"}],"replies":[{"embeddable":true,"href":"https:\/\/www.feuerwehrkostheim.de\/index.php?rest_route=%2Fwp%2Fv2%2Fcomments&post=8297"}],"version-history":[{"count":2,"href":"https:\/\/www.feuerwehrkostheim.de\/index.php?rest_route=\/wp\/v2\/posts\/8297\/revisions"}],"predecessor-version":[{"id":8315,"href":"https:\/\/www.feuerwehrkostheim.de\/index.php?rest_route=\/wp\/v2\/posts\/8297\/revisions\/8315"}],"wp:attachment":[{"href":"https:\/\/www.feuerwehrkostheim.de\/index.php?rest_route=%2Fwp%2Fv2%2Fmedia&parent=8297"}],"wp:term":[{"taxonomy":"category","embeddable":true,"href":"https:\/\/www.feuerwehrkostheim.de\/index.php?rest_route=%2Fwp%2Fv2%2Fcategories&post=8297"},{"taxonomy":"post_tag","embeddable":true,"href":"https:\/\/www.feuerwehrkostheim.de\/index.php?rest_route=%2Fwp%2Fv2%2Ftags&post=8297"}],"curies":[{"name":"wp","href":"https:\/\/api.w.org\/{rel}","templated":true}]}}