{"id":8264,"date":"2025-01-27T10:54:44","date_gmt":"2025-01-27T09:54:44","guid":{"rendered":"https:\/\/www.feuerwehrkostheim.de\/?p=8264"},"modified":"2025-02-23T21:21:40","modified_gmt":"2025-02-23T20:21:40","slug":"erfolgreiche-menschenrettung-bei-feuer-im-gebaeude","status":"publish","type":"post","link":"https:\/\/www.feuerwehrkostheim.de\/?p=8264","title":{"rendered":"Erfolgreiche Menschenrettung bei Feuer im Geb\u00e4ude"},"content":{"rendered":"\n<figure class=\"wp-block-image alignright size-large is-resized\"><a href=\"https:\/\/www.feuerwehrkostheim.de\/wp-content\/uploads\/2025\/01\/2025-01-26-Feuer-Hochheimer-Strasse-1.jpeg\"><img loading=\"lazy\" decoding=\"async\" width=\"768\" height=\"1024\" src=\"https:\/\/www.feuerwehrkostheim.de\/wp-content\/uploads\/2025\/01\/2025-01-26-Feuer-Hochheimer-Strasse-1-768x1024.jpeg\" alt=\"\" class=\"wp-image-8263\" style=\"width:255px;height:auto\"\/><\/a><\/figure>\n\n\n\n<p class=\"wp-block-paragraph\"><strong>&#x1f6a8; 07 \/ 2025<br>&#x1f4c5; 26.01.25 \u2013 &#x1f556; 23:50 Uhr<\/strong><br>&#x1f4cd; Hochheimer Stra\u00dfe<br>&#x1f4df; F 2 Y<br>&#x26a0;&#xfe0f; Feuer<\/p>\n\n\n\n<p class=\"wp-block-paragraph\">Kurz vor Mitternacht in der Nacht auf Montag wurde die Feuerwehr zu einem gemeldeten Geb\u00e4udebrand in der Hochheimer Stra\u00dfe alarmiert. Da zudem davon ausgegangen werden musste, dass sich noch Menschen in Gefahr befinden, entsandte die Rettungsleitstelle auch noch zus\u00e4tzliche Rettungsdiensteinheiten sowie den Leitenden Notarzt (LNA) und den organisatorischen Leiter Rettungsdienst (OLRD). <\/p>\n\n\n\n<p class=\"wp-block-paragraph\">Beim Eintreffen der Kostheimer Feuerwehr zusammen mit dem L\u00f6schzug der Feuerwache 2 brannte es im Eingangsbereich des mehrst\u00f6ckigen Hauses. Neben einer starken Rauchentwicklung im Inneren des Geb\u00e4udes, konnten auch vier Personen auf einer Dachterrasse im dritten Obergeschoss festgestellt werden.<\/p>\n\n\n\n<p class=\"wp-block-paragraph\">Umgehend wurde die Rettung der Personen eingeleitet, wozu eine Schiebleiter am Geb\u00e4ude aufgestellt wurde. Da die Drehleiter schnell in Stellung gebracht werden konnte, fand die Rettung der Personen letztendlich sicher hier\u00fcber statt. Man \u00fcbergab alle Geretteten zur Untersuchung an den Rettungsdienst. <\/p>\n\n\n\n<p class=\"wp-block-paragraph\">Parallel zu den eigentlichen L\u00f6scharbeiten, begaben sich weitere Trupps unter Atemschutz &#8211; ebenfalls zum Teil \u00fcber aufgebaute tragbare Leitern &#8211; ins verrauchte Geb\u00e4ude und kontrollierten dies nach m\u00f6glichen weiteren Personen.<\/p>\n\n\n\n<figure class=\"wp-block-image aligncenter size-large is-resized\"><a href=\"https:\/\/www.feuerwehrkostheim.de\/wp-content\/uploads\/2025\/01\/2025-01-26-Feuer-Hochheimer-Strasse-2.jpeg\"><img loading=\"lazy\" decoding=\"async\" width=\"1024\" height=\"768\" src=\"https:\/\/www.feuerwehrkostheim.de\/wp-content\/uploads\/2025\/01\/2025-01-26-Feuer-Hochheimer-Strasse-2-1024x768.jpeg\" alt=\"\" class=\"wp-image-8262\" style=\"width:636px;height:auto\" srcset=\"https:\/\/www.feuerwehrkostheim.de\/wp-content\/uploads\/2025\/01\/2025-01-26-Feuer-Hochheimer-Strasse-2-980x735.jpeg 980w, https:\/\/www.feuerwehrkostheim.de\/wp-content\/uploads\/2025\/01\/2025-01-26-Feuer-Hochheimer-Strasse-2-480x360.jpeg 480w\" sizes=\"(min-width: 0px) and (max-width: 480px) 480px, (min-width: 481px) and (max-width: 980px) 980px, (min-width: 981px) 1024px, 100vw\" \/><\/a><\/figure>\n\n\n\n<p class=\"wp-block-paragraph\">Nach Abschluss der L\u00f6schma\u00dfnahmen, bel\u00fcftete man das Geb\u00e4ude mittels eines Hochleistungsl\u00fcfters und begann mit dem R\u00fcckbau des eingesetzten Materials. Der Eingangsbereich wurde zudem durch die Feuerwehr durch Anbringen von Holztafeln sicher verschlossen.<\/p>\n\n\n\n<p class=\"wp-block-paragraph\">Gegen halb drei in der Fr\u00fch, war der Einsatz nach dem Aufr\u00fcsten der Fahrzeuge f\u00fcr die Kostheimer Wehr beendet. Die Hochheimer Stra\u00dfe war w\u00e4hrend des Feuerwehreinsatzes in beide Richtungen voll gesperrt. Alle geretteten Personen wurden mit dem Verdacht auf eine leichte Rauchvergiftung zur weiteren Behandlung ins Krankenhaus transportiert. Durch die schnell eingeleiteten L\u00f6schma\u00dfnahmen konnte zudem ein Ausbreiten des Feuers im Geb\u00e4ude oder auch auf die Nachbargeb\u00e4ude verhindert werden. Der Schaden wird auf etwa 100.000\u20ac gesch\u00e4tzt. <\/p>\n","protected":false},"excerpt":{"rendered":"<p>&#x1f6a8; 07 \/ 2025&#x1f4c5; 26.01.25 \u2013 &#x1f556; 23:50 Uhr&#x1f4cd; Hochheimer Stra\u00dfe&#x1f4df; F 2 Y&#x26a0;&#xfe0f; Feuer Kurz vor Mitternacht in der Nacht auf Montag wurde die Feuerwehr zu einem gemeldeten Geb\u00e4udebrand in der Hochheimer Stra\u00dfe alarmiert. Da zudem davon ausgegangen werden musste, dass sich noch Menschen in Gefahr befinden, entsandte die Rettungsleitstelle auch noch zus\u00e4tzliche Rettungsdiensteinheiten [&hellip;]<\/p>\n","protected":false},"author":1,"featured_media":0,"comment_status":"closed","ping_status":"open","sticky":false,"template":"","format":"standard","meta":{"_et_pb_use_builder":"","_et_pb_old_content":"","_et_gb_content_width":"","_crdt_document":"","footnotes":""},"categories":[4,5],"tags":[44,18,1300,31,287,111,427,286,1026],"class_list":["post-8264","post","type-post","status-publish","format-standard","hentry","category-einsatzabteilung","category-einsatze","tag-atemschutz","tag-drehleiter","tag-f2y","tag-feuer","tag-menschenrettung","tag-rauchentwicklung","tag-rauchvergiftung","tag-rettung","tag-schiebleiter"],"_links":{"self":[{"href":"https:\/\/www.feuerwehrkostheim.de\/index.php?rest_route=\/wp\/v2\/posts\/8264","targetHints":{"allow":["GET"]}}],"collection":[{"href":"https:\/\/www.feuerwehrkostheim.de\/index.php?rest_route=\/wp\/v2\/posts"}],"about":[{"href":"https:\/\/www.feuerwehrkostheim.de\/index.php?rest_route=\/wp\/v2\/types\/post"}],"author":[{"embeddable":true,"href":"https:\/\/www.feuerwehrkostheim.de\/index.php?rest_route=\/wp\/v2\/users\/1"}],"replies":[{"embeddable":true,"href":"https:\/\/www.feuerwehrkostheim.de\/index.php?rest_route=%2Fwp%2Fv2%2Fcomments&post=8264"}],"version-history":[{"count":2,"href":"https:\/\/www.feuerwehrkostheim.de\/index.php?rest_route=\/wp\/v2\/posts\/8264\/revisions"}],"predecessor-version":[{"id":8316,"href":"https:\/\/www.feuerwehrkostheim.de\/index.php?rest_route=\/wp\/v2\/posts\/8264\/revisions\/8316"}],"wp:attachment":[{"href":"https:\/\/www.feuerwehrkostheim.de\/index.php?rest_route=%2Fwp%2Fv2%2Fmedia&parent=8264"}],"wp:term":[{"taxonomy":"category","embeddable":true,"href":"https:\/\/www.feuerwehrkostheim.de\/index.php?rest_route=%2Fwp%2Fv2%2Fcategories&post=8264"},{"taxonomy":"post_tag","embeddable":true,"href":"https:\/\/www.feuerwehrkostheim.de\/index.php?rest_route=%2Fwp%2Fv2%2Ftags&post=8264"}],"curies":[{"name":"wp","href":"https:\/\/api.w.org\/{rel}","templated":true}]}}