{"id":8248,"date":"2025-01-07T17:22:00","date_gmt":"2025-01-07T16:22:00","guid":{"rendered":"https:\/\/www.feuerwehrkostheim.de\/?p=8248"},"modified":"2025-01-08T11:39:05","modified_gmt":"2025-01-08T10:39:05","slug":"ein-dankeschoen-zum-abschied","status":"publish","type":"post","link":"https:\/\/www.feuerwehrkostheim.de\/?p=8248","title":{"rendered":"Ein gro\u00dfes Dankesch\u00f6n zum Abschied"},"content":{"rendered":"\n<p class=\"wp-block-paragraph\">Am letzten Samstag des Jahres 2024 waren Kameradinnen und Kameraden aus Kostheim in \u201egeheimer Mission\u201c unterwegs und fuhren mit zwei vollbesetzten L\u00f6schfahrzeugen und weiten Autos \u00fcber die Mainbr\u00fccke nach Gustavsburg. Dort angekommen musste gl\u00fccklicherweise kein Einsatz abgearbeitet werden, sondern man wollte einem langj\u00e4hrigen Kameraden einen kleinen \u00dcberraschungsbesuch abstatten. &nbsp;Mit Matthias Mayer verlie\u00df zum Ende des Jahres 2024 ein verdienter Feuerwehrmann die Einsatzabteilung und beendete seinen aktiven Dienst in der Kostheimer Feuerwehr. Schon l\u00e4ngere Zeit war er durch seinen Wohnortwechsel auf die andere Seite der Mainspitze haupts\u00e4chlich in der Gustavsburger Feuerwehr aktiv, wo er mittlerweile sogar das Amt des Wehrf\u00fchrers \u00fcbernommen hat.<\/p>\n\n\n\n<figure class=\"wp-block-image size-large\"><a href=\"https:\/\/www.feuerwehrkostheim.de\/wp-content\/uploads\/2025\/01\/2024-12-27-Abschied.jpeg\"><img loading=\"lazy\" decoding=\"async\" width=\"1024\" height=\"681\" src=\"https:\/\/www.feuerwehrkostheim.de\/wp-content\/uploads\/2025\/01\/2024-12-27-Abschied-1024x681.jpeg\" alt=\"\" class=\"wp-image-8249\" srcset=\"https:\/\/www.feuerwehrkostheim.de\/wp-content\/uploads\/2025\/01\/2024-12-27-Abschied-980x652.jpeg 980w, https:\/\/www.feuerwehrkostheim.de\/wp-content\/uploads\/2025\/01\/2024-12-27-Abschied-480x319.jpeg 480w\" sizes=\"(min-width: 0px) and (max-width: 480px) 480px, (min-width: 481px) and (max-width: 980px) 980px, (min-width: 981px) 1024px, 100vw\" \/><\/a><\/figure>\n\n\n\n<p class=\"wp-block-paragraph\">Matthias Mayer trat im Alter von 10 Jahren in die Kostheimer Jugendfeuerwehr ein und war fortan ein fester Bestandteil der Feuerwehrfamilie. Mit seinem Wechsel in die Einsatzabteilung startete er richtig durch und absolvierte eine Vielzahl an Fortbildungen, die neben mehreren Fachlehrg\u00e4ngen auch alle F\u00fchrungslehrg\u00e4nge auf der Landesfeuerwehrschule beinhaltete. In der Zeit von 2013 bis 2016 war er als Jugendfeuerwehrwart hauptverantwortlich f\u00fcr die Nachwuchsarbeit unserer Feuerwehr. Auch abseits des eigentlichen Feuerwehrgeschehens ist Matthias Mayer ein verl\u00e4sslicher Ansprechpartner und Unterst\u00fctzer.<\/p>\n\n\n\n<p class=\"wp-block-paragraph\">Mit dem \u00dcberraschungsbesuch wollten sich die Kameradinnen und Kameraden bei ihm f\u00fcr die tolle Zeit und seine langj\u00e4hrige Unterst\u00fctzung in den vielen Bereichen bedanken und ihm f\u00fcr die Zukunft die besten W\u00fcnsche \u00fcberbringen.<\/p>\n","protected":false},"excerpt":{"rendered":"<p>Am letzten Samstag des Jahres 2024 waren Kameradinnen und Kameraden aus Kostheim in \u201egeheimer Mission\u201c unterwegs und fuhren mit zwei vollbesetzten L\u00f6schfahrzeugen und weiten Autos \u00fcber die Mainbr\u00fccke nach Gustavsburg. Dort angekommen musste gl\u00fccklicherweise kein Einsatz abgearbeitet werden, sondern man wollte einem langj\u00e4hrigen Kameraden einen kleinen \u00dcberraschungsbesuch abstatten. &nbsp;Mit Matthias Mayer verlie\u00df zum Ende des [&hellip;]<\/p>\n","protected":false},"author":1,"featured_media":0,"comment_status":"closed","ping_status":"open","sticky":false,"template":"","format":"standard","meta":{"_et_pb_use_builder":"","_et_pb_old_content":"","_et_gb_content_width":"","_crdt_document":"","footnotes":""},"categories":[4],"tags":[1818,1332,1819,1817],"class_list":["post-8248","post","type-post","status-publish","format-standard","hentry","category-einsatzabteilung","tag-abschied","tag-danke","tag-mayer","tag-verabschiedung"],"_links":{"self":[{"href":"https:\/\/www.feuerwehrkostheim.de\/index.php?rest_route=\/wp\/v2\/posts\/8248","targetHints":{"allow":["GET"]}}],"collection":[{"href":"https:\/\/www.feuerwehrkostheim.de\/index.php?rest_route=\/wp\/v2\/posts"}],"about":[{"href":"https:\/\/www.feuerwehrkostheim.de\/index.php?rest_route=\/wp\/v2\/types\/post"}],"author":[{"embeddable":true,"href":"https:\/\/www.feuerwehrkostheim.de\/index.php?rest_route=\/wp\/v2\/users\/1"}],"replies":[{"embeddable":true,"href":"https:\/\/www.feuerwehrkostheim.de\/index.php?rest_route=%2Fwp%2Fv2%2Fcomments&post=8248"}],"version-history":[{"count":2,"href":"https:\/\/www.feuerwehrkostheim.de\/index.php?rest_route=\/wp\/v2\/posts\/8248\/revisions"}],"predecessor-version":[{"id":8251,"href":"https:\/\/www.feuerwehrkostheim.de\/index.php?rest_route=\/wp\/v2\/posts\/8248\/revisions\/8251"}],"wp:attachment":[{"href":"https:\/\/www.feuerwehrkostheim.de\/index.php?rest_route=%2Fwp%2Fv2%2Fmedia&parent=8248"}],"wp:term":[{"taxonomy":"category","embeddable":true,"href":"https:\/\/www.feuerwehrkostheim.de\/index.php?rest_route=%2Fwp%2Fv2%2Fcategories&post=8248"},{"taxonomy":"post_tag","embeddable":true,"href":"https:\/\/www.feuerwehrkostheim.de\/index.php?rest_route=%2Fwp%2Fv2%2Ftags&post=8248"}],"curies":[{"name":"wp","href":"https:\/\/api.w.org\/{rel}","templated":true}]}}