{"id":824,"date":"2012-05-16T20:21:38","date_gmt":"2012-05-16T18:21:38","guid":{"rendered":"http:\/\/www.feuerwehrkostheim.de\/?p=824"},"modified":"2018-06-02T14:06:50","modified_gmt":"2018-06-02T13:06:50","slug":"brandverdacht-am-guckelsberg","status":"publish","type":"post","link":"https:\/\/www.feuerwehrkostheim.de\/?p=824","title":{"rendered":"Brandverdacht am G\u00fcckelsberg"},"content":{"rendered":"<p><img loading=\"lazy\" decoding=\"async\" class=\"alignleft\" title=\"Einsatz-Logo\" src=\"http:\/\/www.feuerwehrkostheim.de\/wp-content\/bilder\/sonstige\/logo_einsatz.jpg\" alt=\"Einsatz-Logo\" width=\"100\" height=\"100\" \/><strong>16. Mai 2012 &#8211; 08:36 Uhr<\/strong><br \/>\n<strong>Am G\u00fcckelsberg<\/strong><br \/>\nFF-Eihneit<br \/>\nEinsatz 15 &#8211; 2012<\/p>\n<p>Nur knapp sechs Stunden nach Einsatzende des gestrigen Gro\u00dfbrandes, wurden die Meldeempf\u00e4nger der Feuerwehr Kostheim erneut ausgel\u00f6st. Die Einsatzstelle war im Bereich &#8220;Am G\u00fcckelsberg&#8221;, wo eine verd\u00e4chtige Rauchentwicklung gesehen wurde. Nach Eintreffen an der vermeintlichen Brandstelle konnte aber umgehend Entwarung gegeben werden. Bei der Rauchentwicklung handelte es sich um lediglich Wasserdampf, der zu einem Produktionsprozess der angrenzenden Firma geh\u00f6rte und nicht urs\u00e4chlich von einem Brand stammte. Der Einsatz war nach 20 Minuten beendet.<\/p>\n","protected":false},"excerpt":{"rendered":"<p>16. Mai 2012 &#8211; 08:36 Uhr Am G\u00fcckelsberg FF-Eihneit Einsatz 15 &#8211; 2012 Nur knapp sechs Stunden nach Einsatzende des gestrigen Gro\u00dfbrandes, wurden die Meldeempf\u00e4nger der Feuerwehr Kostheim erneut ausgel\u00f6st. Die Einsatzstelle war im Bereich &#8220;Am G\u00fcckelsberg&#8221;, wo eine verd\u00e4chtige Rauchentwicklung gesehen wurde. Nach Eintreffen an der vermeintlichen Brandstelle konnte aber umgehend Entwarung gegeben werden. [&hellip;]<\/p>\n","protected":false},"author":1,"featured_media":0,"comment_status":"closed","ping_status":"open","sticky":false,"template":"","format":"standard","meta":{"_et_pb_use_builder":"","_et_pb_old_content":"","_et_gb_content_width":"","_crdt_document":"","footnotes":""},"categories":[5],"tags":[112,113,111],"class_list":["post-824","post","type-post","status-publish","format-standard","hentry","category-einsatze","tag-brandverdacht","tag-fehlalarm","tag-rauchentwicklung"],"_links":{"self":[{"href":"https:\/\/www.feuerwehrkostheim.de\/index.php?rest_route=\/wp\/v2\/posts\/824","targetHints":{"allow":["GET"]}}],"collection":[{"href":"https:\/\/www.feuerwehrkostheim.de\/index.php?rest_route=\/wp\/v2\/posts"}],"about":[{"href":"https:\/\/www.feuerwehrkostheim.de\/index.php?rest_route=\/wp\/v2\/types\/post"}],"author":[{"embeddable":true,"href":"https:\/\/www.feuerwehrkostheim.de\/index.php?rest_route=\/wp\/v2\/users\/1"}],"replies":[{"embeddable":true,"href":"https:\/\/www.feuerwehrkostheim.de\/index.php?rest_route=%2Fwp%2Fv2%2Fcomments&post=824"}],"version-history":[{"count":0,"href":"https:\/\/www.feuerwehrkostheim.de\/index.php?rest_route=\/wp\/v2\/posts\/824\/revisions"}],"wp:attachment":[{"href":"https:\/\/www.feuerwehrkostheim.de\/index.php?rest_route=%2Fwp%2Fv2%2Fmedia&parent=824"}],"wp:term":[{"taxonomy":"category","embeddable":true,"href":"https:\/\/www.feuerwehrkostheim.de\/index.php?rest_route=%2Fwp%2Fv2%2Fcategories&post=824"},{"taxonomy":"post_tag","embeddable":true,"href":"https:\/\/www.feuerwehrkostheim.de\/index.php?rest_route=%2Fwp%2Fv2%2Ftags&post=824"}],"curies":[{"name":"wp","href":"https:\/\/api.w.org\/{rel}","templated":true}]}}