{"id":8217,"date":"2024-12-25T10:30:26","date_gmt":"2024-12-25T09:30:26","guid":{"rendered":"https:\/\/www.feuerwehrkostheim.de\/?p=8217"},"modified":"2024-12-25T10:30:29","modified_gmt":"2024-12-25T09:30:29","slug":"wachbesetzungsalarmierung-wegen-paralleleinsatz","status":"publish","type":"post","link":"https:\/\/www.feuerwehrkostheim.de\/?p=8217","title":{"rendered":"Wachbesetzungsalarmierung wegen Paralleleinsatz"},"content":{"rendered":"\n<p class=\"wp-block-paragraph\"><strong>&#x1f6a8; 74 \/ 2024<br>&#x1f4c5; 25.12.24 \u2013 &#x1f556; 08:04 Uhr<\/strong><br>&#x1f4cd; Feuerwache 2<br>&#x1f4df; S WB<br>&#x26a0;&#xfe0f; Wachbesetzung<\/p>\n\n\n\n<p class=\"wp-block-paragraph\">Am Morgen des ersten Weihnachtsfeiertages wurde die Kostheimer Wehr aufgrund eines parallel laufenden Einsatzes zur Wachbesetzung der Feuerwache 2 alarmiert. Als man gerade dabei war, nach Kastel auszur\u00fccken, bekam man die Info, dass der Einsatz nicht mehr n\u00f6tig sei, da sich ein L\u00f6schfahrzeug seitens der Berufsfeuerwehr wieder einsatzbereit meldete.<\/p>\n\n\n\n<p class=\"wp-block-paragraph\">Somit fuhren die Kameradinnen und Kameraden nicht auf die Feuerwache 2 sondern wieder nach Hause.<\/p>\n","protected":false},"excerpt":{"rendered":"<p>&#x1f6a8; 74 \/ 2024&#x1f4c5; 25.12.24 \u2013 &#x1f556; 08:04 Uhr&#x1f4cd; Feuerwache 2&#x1f4df; S WB&#x26a0;&#xfe0f; Wachbesetzung Am Morgen des ersten Weihnachtsfeiertages wurde die Kostheimer Wehr aufgrund eines parallel laufenden Einsatzes zur Wachbesetzung der Feuerwache 2 alarmiert. Als man gerade dabei war, nach Kastel auszur\u00fccken, bekam man die Info, dass der Einsatz nicht mehr n\u00f6tig sei, da sich [&hellip;]<\/p>\n","protected":false},"author":1,"featured_media":0,"comment_status":"closed","ping_status":"open","sticky":false,"template":"","format":"standard","meta":{"_et_pb_use_builder":"","_et_pb_old_content":"","_et_gb_content_width":"","_crdt_document":"","footnotes":""},"categories":[4,5],"tags":[993,1305,243,1810],"class_list":["post-8217","post","type-post","status-publish","format-standard","hentry","category-einsatzabteilung","category-einsatze","tag-feuerwache","tag-swb","tag-wachbesetzung","tag-wache"],"_links":{"self":[{"href":"https:\/\/www.feuerwehrkostheim.de\/index.php?rest_route=\/wp\/v2\/posts\/8217","targetHints":{"allow":["GET"]}}],"collection":[{"href":"https:\/\/www.feuerwehrkostheim.de\/index.php?rest_route=\/wp\/v2\/posts"}],"about":[{"href":"https:\/\/www.feuerwehrkostheim.de\/index.php?rest_route=\/wp\/v2\/types\/post"}],"author":[{"embeddable":true,"href":"https:\/\/www.feuerwehrkostheim.de\/index.php?rest_route=\/wp\/v2\/users\/1"}],"replies":[{"embeddable":true,"href":"https:\/\/www.feuerwehrkostheim.de\/index.php?rest_route=%2Fwp%2Fv2%2Fcomments&post=8217"}],"version-history":[{"count":1,"href":"https:\/\/www.feuerwehrkostheim.de\/index.php?rest_route=\/wp\/v2\/posts\/8217\/revisions"}],"predecessor-version":[{"id":8218,"href":"https:\/\/www.feuerwehrkostheim.de\/index.php?rest_route=\/wp\/v2\/posts\/8217\/revisions\/8218"}],"wp:attachment":[{"href":"https:\/\/www.feuerwehrkostheim.de\/index.php?rest_route=%2Fwp%2Fv2%2Fmedia&parent=8217"}],"wp:term":[{"taxonomy":"category","embeddable":true,"href":"https:\/\/www.feuerwehrkostheim.de\/index.php?rest_route=%2Fwp%2Fv2%2Fcategories&post=8217"},{"taxonomy":"post_tag","embeddable":true,"href":"https:\/\/www.feuerwehrkostheim.de\/index.php?rest_route=%2Fwp%2Fv2%2Ftags&post=8217"}],"curies":[{"name":"wp","href":"https:\/\/api.w.org\/{rel}","templated":true}]}}