{"id":8206,"date":"2024-12-23T13:12:31","date_gmt":"2024-12-23T12:12:31","guid":{"rendered":"https:\/\/www.feuerwehrkostheim.de\/?p=8206"},"modified":"2024-12-27T16:50:43","modified_gmt":"2024-12-27T15:50:43","slug":"ein-stiller-weihnachtsgruss","status":"publish","type":"post","link":"https:\/\/www.feuerwehrkostheim.de\/?p=8206","title":{"rendered":"Ein stiller Weihnachtsgru\u00df"},"content":{"rendered":"\n<figure class=\"wp-block-image size-large\"><a href=\"https:\/\/www.feuerwehrkostheim.de\/wp-content\/uploads\/2024\/12\/Frohe-Weihnachten-2024-FFK.png\"><img loading=\"lazy\" decoding=\"async\" width=\"1024\" height=\"578\" src=\"https:\/\/www.feuerwehrkostheim.de\/wp-content\/uploads\/2024\/12\/Frohe-Weihnachten-2024-FFK-1024x578.png\" alt=\"\" class=\"wp-image-8205\" srcset=\"https:\/\/www.feuerwehrkostheim.de\/wp-content\/uploads\/2024\/12\/Frohe-Weihnachten-2024-FFK-980x553.png 980w, https:\/\/www.feuerwehrkostheim.de\/wp-content\/uploads\/2024\/12\/Frohe-Weihnachten-2024-FFK-480x271.png 480w\" sizes=\"(min-width: 0px) and (max-width: 480px) 480px, (min-width: 481px) and (max-width: 980px) 980px, (min-width: 981px) 1024px, 100vw\" \/><\/a><\/figure>\n\n\n\n<p class=\"wp-block-paragraph\">\u00dcblicher Weise \u00fcbersenden wir an dieser Stelle in freudiger Erwartung auf das bevorstehende Weihnachtsfest unsere besten W\u00fcnsche. Die Geschehnisse vor wenigen Tagen in Magdeburg tr\u00fcben jedoch in diesem Jahr die Vorfreude auf Weihnachten.<\/p>\n\n\n\n<p class=\"wp-block-paragraph\">Unsere Gedanken sind bei den vielen Opfern des Anschlags auf den Weihnachtsmarkt sowie deren Familien, Angeh\u00f6rige und Freunden. <\/p>\n\n\n\n<p class=\"wp-block-paragraph\">M\u00f6gen die Hinterbliebenen der bisher f\u00fcnf Todesopfer &#8211; darunter auch ein 9-j\u00e4higer Junge unserer gro\u00dfen Feuerwehrfamilie &#8211; die Kraft haben, den Verlust Ihrer Liebsten zu verarbeiten und die vielen teils noch Schwerstverletzten bald wieder genesen sein.<\/p>\n\n\n\n<p class=\"wp-block-paragraph\"><em>Ihre Feuerwehr Kostheim<\/em><\/p>\n","protected":false},"excerpt":{"rendered":"<p>\u00dcblicher Weise \u00fcbersenden wir an dieser Stelle in freudiger Erwartung auf das bevorstehende Weihnachtsfest unsere besten W\u00fcnsche. Die Geschehnisse vor wenigen Tagen in Magdeburg tr\u00fcben jedoch in diesem Jahr die Vorfreude auf Weihnachten. Unsere Gedanken sind bei den vielen Opfern des Anschlags auf den Weihnachtsmarkt sowie deren Familien, Angeh\u00f6rige und Freunden. M\u00f6gen die Hinterbliebenen der [&hellip;]<\/p>\n","protected":false},"author":1,"featured_media":0,"comment_status":"closed","ping_status":"open","sticky":false,"template":"","format":"standard","meta":{"_et_pb_use_builder":"","_et_pb_old_content":"","_et_gb_content_width":"","_crdt_document":"","footnotes":""},"categories":[3,4,7,10],"tags":[1808,1207,1806,765,930],"class_list":["post-8206","post","type-post","status-publish","format-standard","hentry","category-bambinifeuerwehr","category-einsatzabteilung","category-jugendfeuerwehr","category-verein","tag-feuerwehrfamilie","tag-kinderfeuerwehr","tag-still","tag-trauer","tag-weihnachtsgruss"],"_links":{"self":[{"href":"https:\/\/www.feuerwehrkostheim.de\/index.php?rest_route=\/wp\/v2\/posts\/8206","targetHints":{"allow":["GET"]}}],"collection":[{"href":"https:\/\/www.feuerwehrkostheim.de\/index.php?rest_route=\/wp\/v2\/posts"}],"about":[{"href":"https:\/\/www.feuerwehrkostheim.de\/index.php?rest_route=\/wp\/v2\/types\/post"}],"author":[{"embeddable":true,"href":"https:\/\/www.feuerwehrkostheim.de\/index.php?rest_route=\/wp\/v2\/users\/1"}],"replies":[{"embeddable":true,"href":"https:\/\/www.feuerwehrkostheim.de\/index.php?rest_route=%2Fwp%2Fv2%2Fcomments&post=8206"}],"version-history":[{"count":3,"href":"https:\/\/www.feuerwehrkostheim.de\/index.php?rest_route=\/wp\/v2\/posts\/8206\/revisions"}],"predecessor-version":[{"id":8213,"href":"https:\/\/www.feuerwehrkostheim.de\/index.php?rest_route=\/wp\/v2\/posts\/8206\/revisions\/8213"}],"wp:attachment":[{"href":"https:\/\/www.feuerwehrkostheim.de\/index.php?rest_route=%2Fwp%2Fv2%2Fmedia&parent=8206"}],"wp:term":[{"taxonomy":"category","embeddable":true,"href":"https:\/\/www.feuerwehrkostheim.de\/index.php?rest_route=%2Fwp%2Fv2%2Fcategories&post=8206"},{"taxonomy":"post_tag","embeddable":true,"href":"https:\/\/www.feuerwehrkostheim.de\/index.php?rest_route=%2Fwp%2Fv2%2Ftags&post=8206"}],"curies":[{"name":"wp","href":"https:\/\/api.w.org\/{rel}","templated":true}]}}