{"id":8203,"date":"2024-12-23T12:57:41","date_gmt":"2024-12-23T11:57:41","guid":{"rendered":"https:\/\/www.feuerwehrkostheim.de\/?p=8203"},"modified":"2024-12-23T13:11:47","modified_gmt":"2024-12-23T12:11:47","slug":"feierlicher-abend-mit-ehrungen-und-befoerderungen","status":"publish","type":"post","link":"https:\/\/www.feuerwehrkostheim.de\/?p=8203","title":{"rendered":"Feierlicher Abend mit Ehrungen und Bef\u00f6rderungen"},"content":{"rendered":"\n<figure class=\"wp-block-image alignright size-large is-resized\"><img decoding=\"async\" src=\"https:\/\/live.staticflickr.com\/65535\/54222556645_40e2a53e14_c.jpg\" alt=\"\" style=\"width:320px;height:auto\"\/><\/figure>\n\n\n\n<p class=\"wp-block-paragraph\">Mit einer Jubilarfeier am ersten Dezembersamstag fand f\u00fcr die Kostheimer Feuerwehr die letzte Veranstaltung in einem mit H\u00f6hepunkten gespickten Jubil\u00e4umsjahr statt.<\/p>\n\n\n\n<p class=\"wp-block-paragraph\">Im festlich geschm\u00fcckten Saal des Ferrutiushauses begr\u00fc\u00dften der Vereinsvorsitzende Michael Stark und Wehrf\u00fchrer Tobias Steinmetz die zahlreichen G\u00e4ste unter den auch der Wiesbadener Oberb\u00fcrgermeister Gert-Uwe Mende, der Amtsleiter der Feuerwehr Wiesbaden Andreas Kleber, Stadtbrandinspektor Sascha Gerhard, Stadtjugendfeuerwehrwart Sebastian Russ sowie Ortsvorsteher Stephan Lauer Platz genommen hatten.<\/p>\n\n\n\n<p class=\"wp-block-paragraph\">Nach den Gru\u00dfworten der Ehreng\u00e4ste pr\u00e4sentierte man den Anwesenden einen mit zahlreichen Bildern untermalten R\u00fcckblick durch ein Jahr mit sehr vielen H\u00f6hepunkten. Neben den Festveranstaltungen blickte man auch auf einen einsatzintensiven Januar zur\u00fcck, der Gl\u00fcck mit drei gr\u00f6\u00dferen Br\u00e4nden in diesem ohnehin schon mit viel Arbeit best\u00fcckten Jahr, zum Gl\u00fcck die Ausnahme blieb.<\/p>\n\n\n<p><!--more--><\/p>\n\n\n<p class=\"wp-block-paragraph\">Stark und Steinmetz dankten am Ende ihrer R\u00fcckschau den vielen unz\u00e4hligen Helfern, die mit ihrem Engagement dazu beigetragen haben, dass ein solches Festjahr gefeiert werden konnte.<\/p>\n\n\n\n<p class=\"wp-block-paragraph\">Als n\u00e4chster Programmpunkt ehrte der Verein eine Vielzahl an verdienten Mitgliedern f\u00fcr 25, 40 und sogar 50 Jahre Mitgliedschaft im Verein.<\/p>\n\n\n\n<figure class=\"wp-block-image size-large\"><img decoding=\"async\" src=\"https:\/\/live.staticflickr.com\/65535\/54221251182_75ffd16ba4_c.jpg\" alt=\"\"\/><\/figure>\n\n\n\n<p class=\"wp-block-paragraph\">Nach den Ehrungen im Verein \u00fcbernahmen der Amtsleiter und der Stadtbrandinspektor gemeinsam mit der Wehrf\u00fchrung die Bef\u00f6rderungen im \u00f6ffentlich-rechtlichen Bereich \u2013 der Einsatzabteilung. Am Ende des Bef\u00f6rderungsreigens konnten 15 Kameradinnen und Kameraden ihre neuen Dienstgrade in Empfang nehmen.<\/p>\n\n\n\n<figure class=\"wp-block-image alignright size-large is-resized\"><img decoding=\"async\" src=\"https:\/\/live.staticflickr.com\/65535\/54222555320_a8513cb294_c.jpg\" alt=\"\" style=\"width:457px;height:auto\"\/><\/figure>\n\n\n\n<p class=\"wp-block-paragraph\">Dem Stadtjugendfeuerwehrwart Sebastian Russ blieb zu guter Letzt die Ehre, den Kameraden Stefan Wagner f\u00fcr sein vorbildliches Engagement im Bereich der Nachwuchsunterst\u00fctzung mit der Floriansmedaille der Hessischen Jugendfeuerwehr auszuzeichnen.<\/p>\n\n\n\n<p class=\"wp-block-paragraph\">Bevor man in den gem\u00fctlichen Teil des Abends wechselte, \u00fcberreichte Jessica Haupt der Feuerwehr noch einen symbolischen Spendenscheck des Weinguts Haupt. Das Weingut hatte eigens f\u00fcr das Jubeljahr der Feuerwehr einen besonderen Wein aufgelegt \u2013 den Kostheimer St. Florianstropfen. Mit jeder verkauften Flasche, wird ein Teil des Erl\u00f6ses an die Feuerwehr gespendet. Der Wein ist auch weiterhin noch direkt bei Familie Haupt im Hofladen zu beziehen.<\/p>\n\n\n\n<p class=\"wp-block-paragraph\">Nach Ende des offiziellen Teils wurde das Buffet er\u00f6ffnet und mit einem geselligen Abend endete \u2013 mal von m\u00f6glichen Eins\u00e4tzen abgesehen &#8211; das Jubil\u00e4umsjahr der Kostheimer Feuerwehr.<\/p>\n\n\n\n<p class=\"wp-block-paragraph\">Ein besonders Dankesch\u00f6n geht an das Blumengesch\u00e4ft &#8220;Blumenzauber&#8221;, das der Feuerwehr die tollen Blumen zur Tischdekoration gespendet haben.<\/p>\n\n\n\n<div style=\"height:40px\" aria-hidden=\"true\" class=\"wp-block-spacer\"><\/div>\n\n\n\n<h3 class=\"wp-block-heading\">Ehrungen Verein<\/h3>\n\n\n\n<p class=\"wp-block-paragraph\"><strong>F\u00fcr 25 Jahre Mitgliedschaft im Verein wurden folgende Mitglieder geehrt:<\/strong><br>Susanne Ackermann<br>Manfred Schult<br>Marc R\u00f6hrig<br>Frank Balz<\/p>\n\n\n\n<p class=\"wp-block-paragraph\"><strong>F\u00fcr 40 Jahre Mitgliedschaft im Verein wurde geehrt:<\/strong><br>J\u00fcrgen Zeul<\/p>\n\n\n\n<p class=\"wp-block-paragraph\"><strong>F\u00fcr 50 Jahre Mitgliedschaft im Verein wurden folgende Mitglieder geehrt:<\/strong><br>Georg Juli<br>Norbert Schult<br>Holger Fink<br>Roland Seeber<br>Valentin Rudhof<br>Karl-Theo R\u00f6hrig<br>Albert Keller<\/p>\n\n\n\n<div style=\"height:40px\" aria-hidden=\"true\" class=\"wp-block-spacer\"><\/div>\n\n\n\n<h3 class=\"wp-block-heading\">Bef\u00f6rderungen und Ehrungen \u00f6ffentlich-rechtliche Abteilung<\/h3>\n\n\n\n<p class=\"wp-block-paragraph\"><strong>Zur Feuerwehrfrau <strong>bef\u00f6rdert<\/strong><\/strong> <strong>wurden:<\/strong><br>Vanessa Scherning<br>Saskia Schneider<\/p>\n\n\n\n<p class=\"wp-block-paragraph\"><strong>Zum Feuerwehrmann bef\u00f6rdert wurden:<\/strong><br>Jan Bingenheimer<br>Leon Jermis<br>Philipp Krimmel<\/p>\n\n\n\n<p class=\"wp-block-paragraph\"><strong>Zum Oberfeuerwehrmann bef\u00f6rdert wurden:<\/strong><br>Christos Konsolakis<br>Dennis Stark<br>Oliver Stein<\/p>\n\n\n\n<p class=\"wp-block-paragraph\"><strong>Zum Hauptfeuerwehrmann bef\u00f6rdert wurden:<\/strong><br>Philipp Marquardt<br>Dimo Stark<br>Rayen Touati<br>Daniel Zeller<\/p>\n\n\n\n<p class=\"wp-block-paragraph\"><strong>Zum L\u00f6schmeister bef\u00f6rdert wurden:<\/strong><br>Mustapha Berchane<br>Tobias Steinmetz<\/p>\n\n\n\n<p class=\"wp-block-paragraph\"><strong>Zum Hauptbrandmeister bef\u00f6rdert wurde:<\/strong><br>Michael\u00a0Stark<\/p>\n\n\n\n<p class=\"wp-block-paragraph\"><strong>Mit der Floriansmedaille der Hessischen Jugendfeuerwehr ausgezeichnet wurde:<\/strong><br>Stefan Wagner<\/p>\n\n\n\n<div style=\"height:45px\" aria-hidden=\"true\" class=\"wp-block-spacer\"><\/div>\n\n\n\n<p class=\"wp-block-paragraph\">                    <style>\n                                            .flickr-img-responsive {\n                            width:100% !important;\n                            height:auto !important;\n                            display:block !important;\n                        }\n                        .LoadingImg img {\n                            max-width: 45px;\n                            max-height: 45px;\n                            box-shadow: none;\n                        }\n                        .wpfrank-flickr-div{\n                            padding:15px;\n                        }\n                        @media (max-width: 786px){\n                            .col-md-3 {\n                                width:49.9%;\n                                float:left;\n                            }\n                        }\n                        .play-pause {\n                            display: none !important;\n                        }\n                        .gallery8209 {\n                            overflow:hidden;\n                            clear: both;\n                        }\n                        .fnf{\n                            background-color: #a92929;\n                            border-radius: 5px;\n                            color: #fff;\n                            font-family: initial;\n                            text-align: center;\n                            padding:12px;\n                        }\n                    <\/style>\n                    <script type=\"text\/javascript\">\n                    jQuery(function() {\n                        jQuery('.gallery-8209').flickr({\n                            apiKey: '037c012784565c3b5691cc5a0aa912b7',\n                            photosetId: '72177720322745412'\n                        });\n                    });\n\n                    ;(function ($, window, document, undefined) {\n                        'use strict';\n                        var pluginName = \"flickr\",\n                            defaults = {\n                                apiKey: \"\",\n                                photosetId: \"\",\n                                errorText: \"<div class='fnf'><i class='far fa-times-circle'><\/i> Error generating gallery.<\/div>\",\n                                loadingSpeed: 38,\n                                photosLimit: 200\n                            },\n                            apiUrl = 'https:\/\/api.flickr.com\/services\/rest\/',\n                            photos = [];\n\n                        function Plugin(element, options) {\n                            this.element = $(element);\n                            this.settings = $.extend({}, defaults, options);\n                            this._defaults = defaults;\n                            this._name = pluginName;\n\n                            this._hideSpinner = function() {\n                                this.element.find('.spinner-wrapper').hide().find('*').hide();\n                            };\n\n                            this._printError = function() {\n                                this.element.find('.gallery-container').append($(\"<div><\/div>\", { \"class\": \"col-lg-12\" })\n                                    .append($(\"<div><\/div>\", { \"class\": \"error-wrapper\" })\n                                        .append($(\"<span><\/span>\", { \"class\": \"label label-danger error\" })\n                                            .html(this.settings.errorText))));\n                            };\n\n                            this._flickrAnimate = function() {\n                                this.element.find('.gallery-container img').each($.proxy(function(index, el) {\n                                    var image = el;\n                                    setTimeout(function() {\n                                        $(image).parent().fadeIn();\n                                    }, this.settings.loadingSpeed * index);\n                                }, this));\n                            };\n\n                            this._printGallery = function(photos) {\n                                var element = this.element.find('.gallery-container');\n                                if (!photos || photos.length === 0) {\n                                    this._hideSpinner();\n                                    this._printError();\n                                    return;\n                                }\n                                $.each(photos, function(key, photo) {\n                                    if (!photo || !photo.thumbnail) return; \/\/ Skip undefined or invalid photos\n                                    var img = $('<img>', { 'class': 'thumb img-thumbnail flickr-img-responsive', src: photo.thumbnail, 'alt': photo.title });\n                                    element.append($('<div><\/div>', { 'class': ' col-md-3 col-sm-4 col-center wpfrank-flickr-div' })\n                                        .append($('<a><\/a>', { 'class': '', href: photo.href, 'data-gallery': '', 'title': photo.title }).hide()\n                                            .append(img)));\n                                });\n\n                                element.imagesLoaded()\n                                    .done($.proxy(this._flickrAnimate, this))\n                                    .always($.proxy(this._hideSpinner, this));\n                            };\n\n                            this._flickrPhotoset = function(photoset) {\n                                var _this = this;\n                                photos[photoset.id] = [];\n                                $.each(photoset.photo, function(key, photo) {\n                                    if (photo.media !== \"photo\") {\n                                        return true; \/\/ Skip videos\n                                    }\n                                    if (key >= _this.settings.photosLimit) {\n                                        return false;\n                                    }\n                                    photos[photoset.id][key] = {\n                                        thumbnail: 'https:\/\/farm' + photo.farm + '.static.flickr.com\/' + photo.server + '\/' + photo.id + '_' + photo.secret + '_q.jpg',\n                                        href: 'https:\/\/farm' + photo.farm + '.static.flickr.com\/' + photo.server + '\/' + photo.id + '_' + photo.secret + '_b.jpg',\n                                        title: photo.title\n                                    };\n                                });\n\n                                console.log('Filtered photos:', photos[photoset.id]); \/\/ Debug log\n                                if (photos[photoset.id].length > 0) {\n                                    this._printGallery(photos[photoset.id]);\n                                } else {\n                                    this._hideSpinner();\n                                    this._printError();\n                                }\n                            };\n\n                            this._onFlickrResponse = function(response) {\n                                console.log('API Response:', response); \/\/ Debug log\n                                if (response.stat === \"ok\") {\n                                    this._flickrPhotoset(response.photoset);\n                                } else {\n                                    this._hideSpinner();\n                                    this._printError();\n                                }\n                            };\n\n                            this._flickrRequest = function(method, data) {\n                                var url = apiUrl + \"?format=json&jsoncallback=?&method=\" + method + \"&api_key=\" + this.settings.apiKey;\n                                $.each(data, function(key, value) {\n                                    url += \"&\" + key + \"=\" + value;\n                                });\n\n                                $.ajax({\n                                    dataType: \"json\",\n                                    url: url,\n                                    context: this,\n                                    success: this._onFlickrResponse\n                                });\n                            };\n\n                            this._flickrInit = function () {\n                                this._flickrRequest('flickr.photosets.getPhotos', {\n                                    photoset_id: this.settings.photosetId,\n                                    extras: 'media'\n                                });\n                            };\n\n                            this.init();\n                        }\n\n                        Plugin.prototype = {\n                            init: function () {\n                                this._flickrInit();\n                            }\n                        };\n\n                        $.fn[pluginName] = function (options) {\n                            this.each(function () {\n                                if (!$.data(this, \"plugin_\" + pluginName)) {\n                                    $.data(this, \"plugin_\" + pluginName, new Plugin(this, options));\n                                }\n                            });\n                            return this;\n                        };\n                    })(jQuery, window, document);\n                    <\/script>\n                    <div class=\"gallery-8209\">\n                                                    <h3>Jubilarfeier 2024 &#8211; 07.12.24<\/h3>\n                                                <div class=\"row\">\n                            <div class=\"col-xs-12 spinner-wrapper\">\n                                <div class=\"LoadingImg\"><img decoding=\"async\" src=\"https:\/\/www.feuerwehrkostheim.de\/wp-content\/plugins\/flickr-album-gallery\/img\/loading.gif\" \/><\/div>\n                            <\/div>\n                            <div align=\"center\" class=\"gallery-container\"><\/div>\n                        <\/div>\n                    <\/div>\n                    \n            <!-- Blueimp gallery -->\n            <div id=\"blueimp-gallery-8209\" class=\"blueimp-gallery blueimp-gallery-controls\">\n                <div class=\"slides\"><\/div>\n                <h3 class=\"title\"><\/h3>\n                <a class=\"prev\">\u2039<\/a>\n                <a class=\"next\">\u203a<\/a>\n                <a class=\"close\">\u00d7<\/a>\n                <a class=\"play-pause\"><\/a>\n                <ol class=\"indicator\"><\/ol>\n                <div class=\"modal fade\">\n                    <div class=\"modal-dialog\">\n                        <div class=\"modal-content\">\n                            <div class=\"modal-header\">\n                                <button type=\"button\" class=\"close\" aria-hidden=\"true\">\u00d7<\/button>\n                                <h4 class=\"modal-title\"><\/h4>\n                            <\/div>\n                            <div class=\"modal-body next\"><\/div>\n                            <div class=\"modal-footer\">\n                                <button type=\"button\" class=\"btn btn-default pull-left prev\">\n                                    <i class=\"glyphicon glyphicon-chevron-left\"><\/i>\n                                    Previous                                <\/button>\n                                <button type=\"button\" class=\"btn btn-primary next\">\n                                    Next                                    <i class=\"glyphicon glyphicon-chevron-right\"><\/i>\n                                <\/button>\n                            <\/div>\n                        <\/div>\n                    <\/div>\n                <\/div>\n            <\/div>\n\n            <script type=\"text\/javascript\">\n            jQuery(function() {\n                jQuery.extend(blueimp.Gallery.prototype.options, {\n                    useBootstrapModal: false,\n                    hidePageScrollbars: false,\n                    container: \"#blueimp-gallery-8209\",\n                });\n            });\n            <\/script>\n\n            <\/p>\n","protected":false},"excerpt":{"rendered":"<p>Mit einer Jubilarfeier am ersten Dezembersamstag fand f\u00fcr die Kostheimer Feuerwehr die letzte Veranstaltung in einem mit H\u00f6hepunkten gespickten Jubil\u00e4umsjahr statt. Im festlich geschm\u00fcckten Saal des Ferrutiushauses begr\u00fc\u00dften der Vereinsvorsitzende Michael Stark und Wehrf\u00fchrer Tobias Steinmetz die zahlreichen G\u00e4ste unter den auch der Wiesbadener Oberb\u00fcrgermeister Gert-Uwe Mende, der Amtsleiter der Feuerwehr Wiesbaden Andreas Kleber, Stadtbrandinspektor [&hellip;]<\/p>\n","protected":false},"author":1,"featured_media":0,"comment_status":"closed","ping_status":"open","sticky":false,"template":"","format":"standard","meta":{"_et_pb_use_builder":"","_et_pb_old_content":"","_et_gb_content_width":"","_crdt_document":"","footnotes":""},"categories":[9],"tags":[172,171,690,1737,1288,162,1809],"class_list":["post-8203","post","type-post","status-publish","format-standard","hentry","category-veranstaltungen","tag-beforderungen","tag-ehrungen","tag-feier","tag-grussworte","tag-jubilarenabend","tag-jubilarenfeier","tag-jubilarfeier"],"_links":{"self":[{"href":"https:\/\/www.feuerwehrkostheim.de\/index.php?rest_route=\/wp\/v2\/posts\/8203","targetHints":{"allow":["GET"]}}],"collection":[{"href":"https:\/\/www.feuerwehrkostheim.de\/index.php?rest_route=\/wp\/v2\/posts"}],"about":[{"href":"https:\/\/www.feuerwehrkostheim.de\/index.php?rest_route=\/wp\/v2\/types\/post"}],"author":[{"embeddable":true,"href":"https:\/\/www.feuerwehrkostheim.de\/index.php?rest_route=\/wp\/v2\/users\/1"}],"replies":[{"embeddable":true,"href":"https:\/\/www.feuerwehrkostheim.de\/index.php?rest_route=%2Fwp%2Fv2%2Fcomments&post=8203"}],"version-history":[{"count":4,"href":"https:\/\/www.feuerwehrkostheim.de\/index.php?rest_route=\/wp\/v2\/posts\/8203\/revisions"}],"predecessor-version":[{"id":8212,"href":"https:\/\/www.feuerwehrkostheim.de\/index.php?rest_route=\/wp\/v2\/posts\/8203\/revisions\/8212"}],"wp:attachment":[{"href":"https:\/\/www.feuerwehrkostheim.de\/index.php?rest_route=%2Fwp%2Fv2%2Fmedia&parent=8203"}],"wp:term":[{"taxonomy":"category","embeddable":true,"href":"https:\/\/www.feuerwehrkostheim.de\/index.php?rest_route=%2Fwp%2Fv2%2Fcategories&post=8203"},{"taxonomy":"post_tag","embeddable":true,"href":"https:\/\/www.feuerwehrkostheim.de\/index.php?rest_route=%2Fwp%2Fv2%2Ftags&post=8203"}],"curies":[{"name":"wp","href":"https:\/\/api.w.org\/{rel}","templated":true}]}}