{"id":8196,"date":"2024-12-19T15:30:55","date_gmt":"2024-12-19T14:30:55","guid":{"rendered":"https:\/\/www.feuerwehrkostheim.de\/?p=8196"},"modified":"2024-12-19T15:30:57","modified_gmt":"2024-12-19T14:30:57","slug":"feuer-schnell-geloescht-3","status":"publish","type":"post","link":"https:\/\/www.feuerwehrkostheim.de\/?p=8196","title":{"rendered":"Feuer schnell gel\u00f6scht"},"content":{"rendered":"\n<p class=\"wp-block-paragraph\"><strong>&#x1f6a8; 72 \/ 2024<br>&#x1f4c5; 18.12.24 \u2013 &#x1f556; 11:24 Uhr<\/strong><br>&#x1f4cd; Wiesbadener Stra\u00dfe <br>&#x1f4df; F 2 Y<br>&#x26a0;&#xfe0f; Brandverdacht<\/p>\n\n\n\n<p class=\"wp-block-paragraph\">Am Mittwochvormittag r\u00fcckte  die Kostheimer Wehr zu einem gemeldeten Brandverdacht nach Kastel in die Wiesbadener Stra\u00dfe aus. Da der ebenfalls in Marsch gesetzte L\u00f6schzug der Feuerwache 2 keine l\u00e4nge Anfahrt hatte, waren schon zeitnah nach Alarmierung die ersten Kr\u00e4fte an der Einsatzstelle. Gl\u00fccklicher Weise konnte das Feuer in einem mehrgeschossigen Geb\u00e4ude schon durch Ersthelfer schnell gel\u00f6scht werden, sodass durch die hauptamtlichen Kr\u00e4fte nur noch Nachl\u00f6scharbeiten durchgef\u00fchrt werden mussten. Die Kostheimer mussten nicht mehr unterst\u00fctzend t\u00e4tig werden und r\u00fcckten ebenso wie die Kameraden der FF Kastel wieder ein.<\/p>\n","protected":false},"excerpt":{"rendered":"<p>&#x1f6a8; 72 \/ 2024&#x1f4c5; 18.12.24 \u2013 &#x1f556; 11:24 Uhr&#x1f4cd; Wiesbadener Stra\u00dfe &#x1f4df; F 2 Y&#x26a0;&#xfe0f; Brandverdacht Am Mittwochvormittag r\u00fcckte die Kostheimer Wehr zu einem gemeldeten Brandverdacht nach Kastel in die Wiesbadener Stra\u00dfe aus. Da der ebenfalls in Marsch gesetzte L\u00f6schzug der Feuerwache 2 keine l\u00e4nge Anfahrt hatte, waren schon zeitnah nach Alarmierung die ersten Kr\u00e4fte [&hellip;]<\/p>\n","protected":false},"author":1,"featured_media":0,"comment_status":"closed","ping_status":"open","sticky":false,"template":"","format":"standard","meta":{"_et_pb_use_builder":"","_et_pb_old_content":"","_et_gb_content_width":"","_crdt_document":"","footnotes":""},"categories":[4,5],"tags":[110,112,1265,666,314],"class_list":["post-8196","post","type-post","status-publish","format-standard","hentry","category-einsatzabteilung","category-einsatze","tag-alarmgruppe","tag-brandverdacht","tag-f2","tag-geloscht","tag-nachloscharbeiten"],"_links":{"self":[{"href":"https:\/\/www.feuerwehrkostheim.de\/index.php?rest_route=\/wp\/v2\/posts\/8196","targetHints":{"allow":["GET"]}}],"collection":[{"href":"https:\/\/www.feuerwehrkostheim.de\/index.php?rest_route=\/wp\/v2\/posts"}],"about":[{"href":"https:\/\/www.feuerwehrkostheim.de\/index.php?rest_route=\/wp\/v2\/types\/post"}],"author":[{"embeddable":true,"href":"https:\/\/www.feuerwehrkostheim.de\/index.php?rest_route=\/wp\/v2\/users\/1"}],"replies":[{"embeddable":true,"href":"https:\/\/www.feuerwehrkostheim.de\/index.php?rest_route=%2Fwp%2Fv2%2Fcomments&post=8196"}],"version-history":[{"count":1,"href":"https:\/\/www.feuerwehrkostheim.de\/index.php?rest_route=\/wp\/v2\/posts\/8196\/revisions"}],"predecessor-version":[{"id":8197,"href":"https:\/\/www.feuerwehrkostheim.de\/index.php?rest_route=\/wp\/v2\/posts\/8196\/revisions\/8197"}],"wp:attachment":[{"href":"https:\/\/www.feuerwehrkostheim.de\/index.php?rest_route=%2Fwp%2Fv2%2Fmedia&parent=8196"}],"wp:term":[{"taxonomy":"category","embeddable":true,"href":"https:\/\/www.feuerwehrkostheim.de\/index.php?rest_route=%2Fwp%2Fv2%2Fcategories&post=8196"},{"taxonomy":"post_tag","embeddable":true,"href":"https:\/\/www.feuerwehrkostheim.de\/index.php?rest_route=%2Fwp%2Fv2%2Ftags&post=8196"}],"curies":[{"name":"wp","href":"https:\/\/api.w.org\/{rel}","templated":true}]}}