{"id":8194,"date":"2024-12-16T13:44:45","date_gmt":"2024-12-16T12:44:45","guid":{"rendered":"https:\/\/www.feuerwehrkostheim.de\/?p=8194"},"modified":"2024-12-16T13:44:47","modified_gmt":"2024-12-16T12:44:47","slug":"feuer-in-einer-garage","status":"publish","type":"post","link":"https:\/\/www.feuerwehrkostheim.de\/?p=8194","title":{"rendered":"Feuer in einer Garage"},"content":{"rendered":"\n<figure class=\"wp-block-image alignright size-large is-resized\"><a href=\"https:\/\/www.feuerwehrkostheim.de\/wp-content\/uploads\/2024\/12\/2024-12-15-F2-Winterstrasse.jpg\"><img loading=\"lazy\" decoding=\"async\" width=\"1024\" height=\"771\" src=\"https:\/\/www.feuerwehrkostheim.de\/wp-content\/uploads\/2024\/12\/2024-12-15-F2-Winterstrasse-1024x771.jpg\" alt=\"\" class=\"wp-image-8193\" style=\"width:335px;height:auto\" srcset=\"https:\/\/www.feuerwehrkostheim.de\/wp-content\/uploads\/2024\/12\/2024-12-15-F2-Winterstrasse-980x737.jpg 980w, https:\/\/www.feuerwehrkostheim.de\/wp-content\/uploads\/2024\/12\/2024-12-15-F2-Winterstrasse-480x361.jpg 480w\" sizes=\"(min-width: 0px) and (max-width: 480px) 480px, (min-width: 481px) and (max-width: 980px) 980px, (min-width: 981px) 1024px, 100vw\" \/><\/a><\/figure>\n\n\n\n<p class=\"wp-block-paragraph\"><strong>&#x1f6a8; 71 \/ 2024<br>&#x1f4c5; 15.12.24 \u2013 &#x1f556; 17:46 Uhr<\/strong><br>&#x1f4cd; Winterstra\u00dfe<br>&#x1f4df; F 2<br>&#x26a0;&#xfe0f; Brennt Garage<\/p>\n\n\n\n<p class=\"wp-block-paragraph\">Am Sonntagabend musste die Kostheimer Feuerwehr zu einem gemeldeten Garagenbrand in der Winterstra\u00dfe ausr\u00fccken. Als man mit dem ebenfalls alarmierten L\u00f6schzug der Berufsfeuerwehr vor Ort eintraf, war das Feuer bereits von Anwohnern gel\u00f6scht. Da die Garage jedoch noch verraucht war, r\u00fcstete sich ein Trupp mit Atemschutz aus und \u00fcbernahm Nachl\u00f6scharbeiten mit einem Strahlrohr. Drei Personen, die zeitweise dem Rauch ausgesetzt waren, wurden vorsorglich dem Rettungsdienst vorgestellt, mussten aber nicht weiter behandelt werden. Nach dem abschlie\u00dfenden Ausr\u00e4umen des Brandgutes konnte der Einsatz der Feuerwehr beendet werden.<\/p>\n","protected":false},"excerpt":{"rendered":"<p>&#x1f6a8; 71 \/ 2024&#x1f4c5; 15.12.24 \u2013 &#x1f556; 17:46 Uhr&#x1f4cd; Winterstra\u00dfe&#x1f4df; F 2&#x26a0;&#xfe0f; Brennt Garage Am Sonntagabend musste die Kostheimer Feuerwehr zu einem gemeldeten Garagenbrand in der Winterstra\u00dfe ausr\u00fccken. Als man mit dem ebenfalls alarmierten L\u00f6schzug der Berufsfeuerwehr vor Ort eintraf, war das Feuer bereits von Anwohnern gel\u00f6scht. Da die Garage jedoch noch verraucht war, r\u00fcstete [&hellip;]<\/p>\n","protected":false},"author":1,"featured_media":0,"comment_status":"closed","ping_status":"open","sticky":false,"template":"","format":"standard","meta":{"_et_pb_use_builder":"","_et_pb_old_content":"","_et_gb_content_width":"","_crdt_document":"","footnotes":""},"categories":[4,5],"tags":[292,50,1265,31,666,366],"class_list":["post-8194","post","type-post","status-publish","format-standard","hentry","category-einsatzabteilung","category-einsatze","tag-anwohner","tag-brand","tag-f2","tag-feuer","tag-geloscht","tag-rauch"],"_links":{"self":[{"href":"https:\/\/www.feuerwehrkostheim.de\/index.php?rest_route=\/wp\/v2\/posts\/8194","targetHints":{"allow":["GET"]}}],"collection":[{"href":"https:\/\/www.feuerwehrkostheim.de\/index.php?rest_route=\/wp\/v2\/posts"}],"about":[{"href":"https:\/\/www.feuerwehrkostheim.de\/index.php?rest_route=\/wp\/v2\/types\/post"}],"author":[{"embeddable":true,"href":"https:\/\/www.feuerwehrkostheim.de\/index.php?rest_route=\/wp\/v2\/users\/1"}],"replies":[{"embeddable":true,"href":"https:\/\/www.feuerwehrkostheim.de\/index.php?rest_route=%2Fwp%2Fv2%2Fcomments&post=8194"}],"version-history":[{"count":1,"href":"https:\/\/www.feuerwehrkostheim.de\/index.php?rest_route=\/wp\/v2\/posts\/8194\/revisions"}],"predecessor-version":[{"id":8195,"href":"https:\/\/www.feuerwehrkostheim.de\/index.php?rest_route=\/wp\/v2\/posts\/8194\/revisions\/8195"}],"wp:attachment":[{"href":"https:\/\/www.feuerwehrkostheim.de\/index.php?rest_route=%2Fwp%2Fv2%2Fmedia&parent=8194"}],"wp:term":[{"taxonomy":"category","embeddable":true,"href":"https:\/\/www.feuerwehrkostheim.de\/index.php?rest_route=%2Fwp%2Fv2%2Fcategories&post=8194"},{"taxonomy":"post_tag","embeddable":true,"href":"https:\/\/www.feuerwehrkostheim.de\/index.php?rest_route=%2Fwp%2Fv2%2Ftags&post=8194"}],"curies":[{"name":"wp","href":"https:\/\/api.w.org\/{rel}","templated":true}]}}