{"id":8185,"date":"2024-11-24T14:30:03","date_gmt":"2024-11-24T13:30:03","guid":{"rendered":"https:\/\/www.feuerwehrkostheim.de\/?p=8185"},"modified":"2024-11-24T14:30:07","modified_gmt":"2024-11-24T13:30:07","slug":"grosseinsatz-in-der-wiesbadener-innenstadt","status":"publish","type":"post","link":"https:\/\/www.feuerwehrkostheim.de\/?p=8185","title":{"rendered":"Gro\u00dfeinsatz in der Wiesbadener Innenstadt"},"content":{"rendered":"\n<figure class=\"wp-block-image alignright size-large is-resized\"><a href=\"https:\/\/www.feuerwehrkostheim.de\/wp-content\/uploads\/2024\/11\/2024-11-23-F3-Tiefgarage-2-scaled.jpeg\"><img loading=\"lazy\" decoding=\"async\" width=\"768\" height=\"1024\" src=\"https:\/\/www.feuerwehrkostheim.de\/wp-content\/uploads\/2024\/11\/2024-11-23-F3-Tiefgarage-2-768x1024.jpeg\" alt=\"\" class=\"wp-image-8186\" style=\"width:200px;height:auto\"\/><\/a><\/figure>\n\n\n\n<p class=\"wp-block-paragraph\"><strong>&#x1f6a8; 69 \/ 2024<br>&#x1f4c5; 23.11.24 \u2013 &#x1f556; 07:43 Uhr<\/strong><br>&#x1f4cd; Friedrichstra\u00dfe (Stadtmitte)<br>&#x1f4df; F 3<br>&#x26a0;&#xfe0f; PKW-Brand in Tiefgarage<\/p>\n\n\n\n<p class=\"wp-block-paragraph\">Am Samstagmorgen kam es zu einem PKW-Brand in einer Tiefgarage in der Wiesbadener Innenstadt. Die starke Rauchentwicklung sowie die Weitl\u00e4ufigkeit des gesamten Geb\u00e4udekomplexes machte es erforderlich, das Einsatzstichwort zu erh\u00f6hen und weitere Verst\u00e4rkung anzufordern. Die Kostheimer Feuerwehr r\u00fcckte kurz nach der Alarmierung mit beiden L\u00f6schfahrzeugen und 18 Einsatzkr\u00e4ften in Richtung Stadtmitte aus. Vor Ort wurde man einem der insgesamt vier Einsatzabschnitten zugeteilt und stellte mehrere Atemschutztrupps f\u00fcr einen m\u00f6glichen Arbeitsauftrag in Bereitschaft. Da das eigentliche Feuer in der Tiefgarage durch die erstalarmierten Kr\u00e4fte schnell gel\u00f6scht werden konnte, stellte die nachrangige Entrauchung des betroffenen Geb\u00e4udekomplexes die zeitintensivste Herausforderung dar. Seitens der Feuerwehr Kostheim mussten diverse Geb\u00e4udeteile auf rauchfreiheit kontrolliert werden. Zudem f\u00fchrte man in dem zugeordneten Abschnitt die Lagekarte, um stets eine genaue \u00dcbersicht \u00fcber die eingesetzten Trupps zu haben. Gegen 10:30 Uhr wurden die Kostheimer aus dem noch laufenden Einsatz herausgel\u00f6st.<\/p>\n\n\n\n<figure class=\"wp-block-image size-large\"><a href=\"https:\/\/www.feuerwehrkostheim.de\/wp-content\/uploads\/2024\/11\/2024-11-23-F3-Tiefgarage-0-scaled.jpeg\"><img loading=\"lazy\" decoding=\"async\" width=\"1024\" height=\"763\" src=\"https:\/\/www.feuerwehrkostheim.de\/wp-content\/uploads\/2024\/11\/2024-11-23-F3-Tiefgarage-0-1024x763.jpeg\" alt=\"\" class=\"wp-image-8187\" srcset=\"https:\/\/www.feuerwehrkostheim.de\/wp-content\/uploads\/2024\/11\/2024-11-23-F3-Tiefgarage-0-980x731.jpeg 980w, https:\/\/www.feuerwehrkostheim.de\/wp-content\/uploads\/2024\/11\/2024-11-23-F3-Tiefgarage-0-480x358.jpeg 480w\" sizes=\"(min-width: 0px) and (max-width: 480px) 480px, (min-width: 481px) and (max-width: 980px) 980px, (min-width: 981px) 1024px, 100vw\" \/><\/a><\/figure>\n\n\n\n<p class=\"wp-block-paragraph\">Insgesamt waren neben zwei L\u00f6schz\u00fcgen der Berufsfeuerwehr samt Sonderfahrzeugen die freiwilligen Wehren der Stadtmitte, aus Dotzheim, Schierstein, Nordenstadt und Kostheim sowie der Rettungsdienst eingebunden. F\u00fcr die Versorgung der Einsatzkr\u00e4fte war die Logistiktruppe mit Unterst\u00fctzung des Wechselladerfahrzeuges der FF Igstadt f\u00fcr den Transport des AB-Sozial an der Einsatzstelle eingesetzt. Die Feuerwachen 1 und 3 wurden zudem durch die Wehren aus Sonnenberg und Hessloch besetzt.<\/p>\n","protected":false},"excerpt":{"rendered":"<p>&#x1f6a8; 69 \/ 2024&#x1f4c5; 23.11.24 \u2013 &#x1f556; 07:43 Uhr&#x1f4cd; Friedrichstra\u00dfe (Stadtmitte)&#x1f4df; F 3&#x26a0;&#xfe0f; PKW-Brand in Tiefgarage Am Samstagmorgen kam es zu einem PKW-Brand in einer Tiefgarage in der Wiesbadener Innenstadt. Die starke Rauchentwicklung sowie die Weitl\u00e4ufigkeit des gesamten Geb\u00e4udekomplexes machte es erforderlich, das Einsatzstichwort zu erh\u00f6hen und weitere Verst\u00e4rkung anzufordern. Die Kostheimer Feuerwehr r\u00fcckte kurz [&hellip;]<\/p>\n","protected":false},"author":1,"featured_media":0,"comment_status":"closed","ping_status":"open","sticky":false,"template":"","format":"standard","meta":{"_et_pb_use_builder":"","_et_pb_old_content":"","_et_gb_content_width":"","_crdt_document":"","footnotes":""},"categories":[4,5],"tags":[44,31,1186,1805,163,111,220],"class_list":["post-8185","post","type-post","status-publish","format-standard","hentry","category-einsatzabteilung","category-einsatze","tag-atemschutz","tag-feuer","tag-innenstadt","tag-lagekarte","tag-pkw-brand","tag-rauchentwicklung","tag-tiefgarage"],"_links":{"self":[{"href":"https:\/\/www.feuerwehrkostheim.de\/index.php?rest_route=\/wp\/v2\/posts\/8185","targetHints":{"allow":["GET"]}}],"collection":[{"href":"https:\/\/www.feuerwehrkostheim.de\/index.php?rest_route=\/wp\/v2\/posts"}],"about":[{"href":"https:\/\/www.feuerwehrkostheim.de\/index.php?rest_route=\/wp\/v2\/types\/post"}],"author":[{"embeddable":true,"href":"https:\/\/www.feuerwehrkostheim.de\/index.php?rest_route=\/wp\/v2\/users\/1"}],"replies":[{"embeddable":true,"href":"https:\/\/www.feuerwehrkostheim.de\/index.php?rest_route=%2Fwp%2Fv2%2Fcomments&post=8185"}],"version-history":[{"count":1,"href":"https:\/\/www.feuerwehrkostheim.de\/index.php?rest_route=\/wp\/v2\/posts\/8185\/revisions"}],"predecessor-version":[{"id":8188,"href":"https:\/\/www.feuerwehrkostheim.de\/index.php?rest_route=\/wp\/v2\/posts\/8185\/revisions\/8188"}],"wp:attachment":[{"href":"https:\/\/www.feuerwehrkostheim.de\/index.php?rest_route=%2Fwp%2Fv2%2Fmedia&parent=8185"}],"wp:term":[{"taxonomy":"category","embeddable":true,"href":"https:\/\/www.feuerwehrkostheim.de\/index.php?rest_route=%2Fwp%2Fv2%2Fcategories&post=8185"},{"taxonomy":"post_tag","embeddable":true,"href":"https:\/\/www.feuerwehrkostheim.de\/index.php?rest_route=%2Fwp%2Fv2%2Ftags&post=8185"}],"curies":[{"name":"wp","href":"https:\/\/api.w.org\/{rel}","templated":true}]}}