{"id":8157,"date":"2024-10-27T14:41:48","date_gmt":"2024-10-27T13:41:48","guid":{"rendered":"https:\/\/www.feuerwehrkostheim.de\/?p=8157"},"modified":"2024-10-27T14:41:50","modified_gmt":"2024-10-27T13:41:50","slug":"naechtliche-suchaktion-auf-dem-rhein-2","status":"publish","type":"post","link":"https:\/\/www.feuerwehrkostheim.de\/?p=8157","title":{"rendered":"N\u00e4chtliche Suchaktion auf dem Rhein"},"content":{"rendered":"\n<figure class=\"wp-block-image alignright size-large is-resized\"><img loading=\"lazy\" decoding=\"async\" width=\"768\" height=\"1024\" src=\"https:\/\/www.feuerwehrkostheim.de\/wp-content\/uploads\/2024\/10\/2024-10-27-Wasserrettung-768x1024.jpeg\" alt=\"\" class=\"wp-image-8156\" style=\"width:285px;height:auto\"\/><\/figure>\n\n\n\n<p class=\"wp-block-paragraph\"><strong>&#x1f6a8; 63 \/ 2024<br>&#x1f4c5; 27.10.24 \u2013 &#x1f556; 04:17 Uhr<\/strong><br>&#x1f4cd; Rhein<br>&#x1f4df; H FLUSS Y<br>&#x26a0;&#xfe0f; Person im Wasser<\/p>\n\n\n\n<p class=\"wp-block-paragraph\">Kurz nach 4 Uhr in der Nacht auf Sonntag sorgte ein Notruf, der von einer Person im Wasser berichtete, f\u00fcr einen gro\u00df angelegten Sucheinsatz auf dem Rhein unterhalb der Theodor-Heuss-Br\u00fccke. Neben den Wasserrettungseinheiten beider Landeshauptst\u00e4dte war auch die Kostheimer Feuerwehr umfangreich in den Einsatz eingebunden. W\u00e4hrend das wehreigene Boot auf dem Wasser Bestandteil der Suchmannschaften war, besetzten zwei weitere Kostheimer Fahrzeuge jeweils noch Beobachtungpunkte am Rheinufer. Zu Beginn waren diese beide in Kastel, im weiteren Verlauf verlegte ein Fahrzeug nach Schierstein und besetzte dort einen Posten im Bereich des dortigen Hafens. Da die umfangreiche Suche auch nach \u00fcber einer Stunde zu keinem Ergebnis f\u00fchrte, brach die Einsatzleitung den Wasserrettungseinsatz gegen 05:30 Uhr ab. <\/p>\n","protected":false},"excerpt":{"rendered":"<p>&#x1f6a8; 63 \/ 2024&#x1f4c5; 27.10.24 \u2013 &#x1f556; 04:17 Uhr&#x1f4cd; Rhein&#x1f4df; H FLUSS Y&#x26a0;&#xfe0f; Person im Wasser Kurz nach 4 Uhr in der Nacht auf Sonntag sorgte ein Notruf, der von einer Person im Wasser berichtete, f\u00fcr einen gro\u00df angelegten Sucheinsatz auf dem Rhein unterhalb der Theodor-Heuss-Br\u00fccke. Neben den Wasserrettungseinheiten beider Landeshauptst\u00e4dte war auch die Kostheimer [&hellip;]<\/p>\n","protected":false},"author":1,"featured_media":0,"comment_status":"closed","ping_status":"open","sticky":false,"template":"","format":"standard","meta":{"_et_pb_use_builder":"","_et_pb_old_content":"","_et_gb_content_width":"","_crdt_document":"","footnotes":""},"categories":[4,5],"tags":[986,103,1266,380,470,638,518],"class_list":["post-8157","post","type-post","status-publish","format-standard","hentry","category-einsatzabteilung","category-einsatze","tag-beobachtungspunkt","tag-boot","tag-hflussy","tag-kontrolle","tag-person","tag-ufer","tag-wasserrettung"],"_links":{"self":[{"href":"https:\/\/www.feuerwehrkostheim.de\/index.php?rest_route=\/wp\/v2\/posts\/8157","targetHints":{"allow":["GET"]}}],"collection":[{"href":"https:\/\/www.feuerwehrkostheim.de\/index.php?rest_route=\/wp\/v2\/posts"}],"about":[{"href":"https:\/\/www.feuerwehrkostheim.de\/index.php?rest_route=\/wp\/v2\/types\/post"}],"author":[{"embeddable":true,"href":"https:\/\/www.feuerwehrkostheim.de\/index.php?rest_route=\/wp\/v2\/users\/1"}],"replies":[{"embeddable":true,"href":"https:\/\/www.feuerwehrkostheim.de\/index.php?rest_route=%2Fwp%2Fv2%2Fcomments&post=8157"}],"version-history":[{"count":1,"href":"https:\/\/www.feuerwehrkostheim.de\/index.php?rest_route=\/wp\/v2\/posts\/8157\/revisions"}],"predecessor-version":[{"id":8158,"href":"https:\/\/www.feuerwehrkostheim.de\/index.php?rest_route=\/wp\/v2\/posts\/8157\/revisions\/8158"}],"wp:attachment":[{"href":"https:\/\/www.feuerwehrkostheim.de\/index.php?rest_route=%2Fwp%2Fv2%2Fmedia&parent=8157"}],"wp:term":[{"taxonomy":"category","embeddable":true,"href":"https:\/\/www.feuerwehrkostheim.de\/index.php?rest_route=%2Fwp%2Fv2%2Fcategories&post=8157"},{"taxonomy":"post_tag","embeddable":true,"href":"https:\/\/www.feuerwehrkostheim.de\/index.php?rest_route=%2Fwp%2Fv2%2Ftags&post=8157"}],"curies":[{"name":"wp","href":"https:\/\/api.w.org\/{rel}","templated":true}]}}