{"id":8133,"date":"2024-09-30T15:21:45","date_gmt":"2024-09-30T14:21:45","guid":{"rendered":"https:\/\/www.feuerwehrkostheim.de\/?p=8133"},"modified":"2024-09-30T15:21:47","modified_gmt":"2024-09-30T14:21:47","slug":"brandverdacht-wegen-grossbrand-in-mainz","status":"publish","type":"post","link":"https:\/\/www.feuerwehrkostheim.de\/?p=8133","title":{"rendered":"Brandverdacht wegen Gro\u00dfbrand in Mainz"},"content":{"rendered":"\n<p class=\"wp-block-paragraph\"><strong>&#x1f6a8; 56 \/ 2024<br>&#x1f4c5; 27.09.24 \u2013 &#x1f556; 22:09 Uhr<\/strong><br>&#x1f4cd; Hauptstra\u00dfe<br>&#x1f4df; F 2<br>&#x26a0;&#xfe0f; Brandverdacht<\/p>\n\n\n\n<p class=\"wp-block-paragraph\">Am Freitagabend musste die Feuerwehr zu einem gemeldeten Brandverdacht in die Kostheimer Hauptstra\u00dfe ausr\u00fccken. Zwar konnte von den eingetroffenen Kr\u00e4ften Brandgeruch und eine Verrauchung des Bereichs festgestellt werden, nach einer n\u00e4heren \u00dcberpr\u00fcfung, zu der auch die Drehleiter in Stellung gebracht wurde, stellte sich als Ursache hierzu ein Gro\u00dfbrand im Hechtsheimer Gewerbegebiet dar. Durch einen starken Wind waren die Rauchentwicklung des Brandes weit \u00fcber die dortige Einsatzstelle feststellbar. Der Einsatz in Kostheim konnte sodann zeitnah wieder beendet werden.<\/p>\n","protected":false},"excerpt":{"rendered":"<p>&#x1f6a8; 56 \/ 2024&#x1f4c5; 27.09.24 \u2013 &#x1f556; 22:09 Uhr&#x1f4cd; Hauptstra\u00dfe&#x1f4df; F 2&#x26a0;&#xfe0f; Brandverdacht Am Freitagabend musste die Feuerwehr zu einem gemeldeten Brandverdacht in die Kostheimer Hauptstra\u00dfe ausr\u00fccken. Zwar konnte von den eingetroffenen Kr\u00e4ften Brandgeruch und eine Verrauchung des Bereichs festgestellt werden, nach einer n\u00e4heren \u00dcberpr\u00fcfung, zu der auch die Drehleiter in Stellung gebracht wurde, stellte [&hellip;]<\/p>\n","protected":false},"author":1,"featured_media":0,"comment_status":"closed","ping_status":"open","sticky":false,"template":"","format":"standard","meta":{"_et_pb_use_builder":"","_et_pb_old_content":"","_et_gb_content_width":"","_crdt_document":"","footnotes":""},"categories":[4,5],"tags":[112,1265,113,111],"class_list":["post-8133","post","type-post","status-publish","format-standard","hentry","category-einsatzabteilung","category-einsatze","tag-brandverdacht","tag-f2","tag-fehlalarm","tag-rauchentwicklung"],"_links":{"self":[{"href":"https:\/\/www.feuerwehrkostheim.de\/index.php?rest_route=\/wp\/v2\/posts\/8133","targetHints":{"allow":["GET"]}}],"collection":[{"href":"https:\/\/www.feuerwehrkostheim.de\/index.php?rest_route=\/wp\/v2\/posts"}],"about":[{"href":"https:\/\/www.feuerwehrkostheim.de\/index.php?rest_route=\/wp\/v2\/types\/post"}],"author":[{"embeddable":true,"href":"https:\/\/www.feuerwehrkostheim.de\/index.php?rest_route=\/wp\/v2\/users\/1"}],"replies":[{"embeddable":true,"href":"https:\/\/www.feuerwehrkostheim.de\/index.php?rest_route=%2Fwp%2Fv2%2Fcomments&post=8133"}],"version-history":[{"count":1,"href":"https:\/\/www.feuerwehrkostheim.de\/index.php?rest_route=\/wp\/v2\/posts\/8133\/revisions"}],"predecessor-version":[{"id":8135,"href":"https:\/\/www.feuerwehrkostheim.de\/index.php?rest_route=\/wp\/v2\/posts\/8133\/revisions\/8135"}],"wp:attachment":[{"href":"https:\/\/www.feuerwehrkostheim.de\/index.php?rest_route=%2Fwp%2Fv2%2Fmedia&parent=8133"}],"wp:term":[{"taxonomy":"category","embeddable":true,"href":"https:\/\/www.feuerwehrkostheim.de\/index.php?rest_route=%2Fwp%2Fv2%2Fcategories&post=8133"},{"taxonomy":"post_tag","embeddable":true,"href":"https:\/\/www.feuerwehrkostheim.de\/index.php?rest_route=%2Fwp%2Fv2%2Ftags&post=8133"}],"curies":[{"name":"wp","href":"https:\/\/api.w.org\/{rel}","templated":true}]}}