{"id":8093,"date":"2024-09-13T07:26:00","date_gmt":"2024-09-13T06:26:00","guid":{"rendered":"https:\/\/www.feuerwehrkostheim.de\/?p=8093"},"modified":"2024-09-20T07:36:39","modified_gmt":"2024-09-20T06:36:39","slug":"brandverdacht-im-hochhaus-4","status":"publish","type":"post","link":"https:\/\/www.feuerwehrkostheim.de\/?p=8093","title":{"rendered":"Brandverdacht im Hochhaus"},"content":{"rendered":"\n<figure class=\"wp-block-image alignright size-large is-resized\"><img loading=\"lazy\" decoding=\"async\" width=\"768\" height=\"1024\" src=\"https:\/\/www.feuerwehrkostheim.de\/wp-content\/uploads\/2024\/09\/2024-09-12-F2-Im-See-768x1024.jpg\" alt=\"\" class=\"wp-image-8094\" style=\"width:182px;height:auto\"\/><\/figure>\n\n\n\n<p class=\"wp-block-paragraph\"><strong>&#x1f6a8; 53 \/ 2024<br>&#x1f4c5; 12.09.24 \u2013 &#x1f556; 17:59 Uhr<\/strong><br>&#x1f4cd; Im See<br>&#x1f4df; F 2<br>&#x26a0;&#xfe0f; Brandverdacht<\/p>\n\n\n\n<p class=\"wp-block-paragraph\">Am fr\u00fchen Donnerstagabend r\u00fcckte die Kostheimer Feuerwehr zusammen mit den Kameraden aus Kastel sowie dem L\u00f6schzug der Berufsfeuerwehr zu einem Hochhaus in der Stra\u00dfe &#8220;Im See&#8221; aus, da von dort eine Rauchentwicklung im Bereich eines Balkons gemeldet wurde.<\/p>\n\n\n\n<p class=\"wp-block-paragraph\">Da nach Eintreffen auf Anhieb keine Feststellung gemacht werden konnte, brachte man zus\u00e4tzlich die Drehleiter zur \u00dcberpr\u00fcfung in Stellung. Sehr wahrscheinlich war der Grund f\u00fcr die gemeldete Rauchentwicklung ein ordnungsgem\u00e4\u00df betriebener Grill, woraufhin alle Kr\u00e4fte wieder einr\u00fcckten.<\/p>\n","protected":false},"excerpt":{"rendered":"<p>&#x1f6a8; 53 \/ 2024&#x1f4c5; 12.09.24 \u2013 &#x1f556; 17:59 Uhr&#x1f4cd; Im See&#x1f4df; F 2&#x26a0;&#xfe0f; Brandverdacht Am fr\u00fchen Donnerstagabend r\u00fcckte die Kostheimer Feuerwehr zusammen mit den Kameraden aus Kastel sowie dem L\u00f6schzug der Berufsfeuerwehr zu einem Hochhaus in der Stra\u00dfe &#8220;Im See&#8221; aus, da von dort eine Rauchentwicklung im Bereich eines Balkons gemeldet wurde. Da nach Eintreffen [&hellip;]<\/p>\n","protected":false},"author":1,"featured_media":0,"comment_status":"closed","ping_status":"open","sticky":false,"template":"","format":"standard","meta":{"_et_pb_use_builder":"","_et_pb_old_content":"","_et_gb_content_width":"","_crdt_document":"","footnotes":""},"categories":[4,5],"tags":[110,184,18,1265,113,248],"class_list":["post-8093","post","type-post","status-publish","format-standard","hentry","category-einsatzabteilung","category-einsatze","tag-alarmgruppe","tag-balkon","tag-drehleiter","tag-f2","tag-fehlalarm","tag-grill"],"_links":{"self":[{"href":"https:\/\/www.feuerwehrkostheim.de\/index.php?rest_route=\/wp\/v2\/posts\/8093","targetHints":{"allow":["GET"]}}],"collection":[{"href":"https:\/\/www.feuerwehrkostheim.de\/index.php?rest_route=\/wp\/v2\/posts"}],"about":[{"href":"https:\/\/www.feuerwehrkostheim.de\/index.php?rest_route=\/wp\/v2\/types\/post"}],"author":[{"embeddable":true,"href":"https:\/\/www.feuerwehrkostheim.de\/index.php?rest_route=\/wp\/v2\/users\/1"}],"replies":[{"embeddable":true,"href":"https:\/\/www.feuerwehrkostheim.de\/index.php?rest_route=%2Fwp%2Fv2%2Fcomments&post=8093"}],"version-history":[{"count":1,"href":"https:\/\/www.feuerwehrkostheim.de\/index.php?rest_route=\/wp\/v2\/posts\/8093\/revisions"}],"predecessor-version":[{"id":8095,"href":"https:\/\/www.feuerwehrkostheim.de\/index.php?rest_route=\/wp\/v2\/posts\/8093\/revisions\/8095"}],"wp:attachment":[{"href":"https:\/\/www.feuerwehrkostheim.de\/index.php?rest_route=%2Fwp%2Fv2%2Fmedia&parent=8093"}],"wp:term":[{"taxonomy":"category","embeddable":true,"href":"https:\/\/www.feuerwehrkostheim.de\/index.php?rest_route=%2Fwp%2Fv2%2Fcategories&post=8093"},{"taxonomy":"post_tag","embeddable":true,"href":"https:\/\/www.feuerwehrkostheim.de\/index.php?rest_route=%2Fwp%2Fv2%2Ftags&post=8093"}],"curies":[{"name":"wp","href":"https:\/\/api.w.org\/{rel}","templated":true}]}}