{"id":8077,"date":"2024-09-11T18:50:55","date_gmt":"2024-09-11T17:50:55","guid":{"rendered":"https:\/\/www.feuerwehrkostheim.de\/?p=8077"},"modified":"2024-09-11T19:06:49","modified_gmt":"2024-09-11T18:06:49","slug":"brand-im-bereich-der-oberleitung-gemeldet","status":"publish","type":"post","link":"https:\/\/www.feuerwehrkostheim.de\/?p=8077","title":{"rendered":"Brand im Bereich der Oberleitung gemeldet"},"content":{"rendered":"\n<figure class=\"wp-block-image alignright size-large is-resized\"><a href=\"https:\/\/www.feuerwehrkostheim.de\/wp-content\/uploads\/2024\/09\/2024-09-10-F2-Elek-scaled.jpg\"><img loading=\"lazy\" decoding=\"async\" width=\"768\" height=\"1024\" src=\"https:\/\/www.feuerwehrkostheim.de\/wp-content\/uploads\/2024\/09\/2024-09-10-F2-Elek-768x1024.jpg\" alt=\"\" class=\"wp-image-8078\" style=\"width:194px;height:auto\"\/><\/a><\/figure>\n\n\n\n<p class=\"wp-block-paragraph\"><strong>&#x1f6a8; 52 \/ 2024<br>&#x1f4c5; 10.09.24 \u2013 &#x1f556; 23:43 Uhr<\/strong><br>&#x1f4cd; Zur Wei\u00dferd<br>&#x1f4df; F 2 ELEK<br>&#x26a0;&#xfe0f; Brand elektrische Anlage<\/p>\n\n\n\n<p class=\"wp-block-paragraph\">Zum wiederholten Mal in diesem Jahr, war an eine entspannte Nachtruhe bei den Kostheimer Feuerwehrleuten nicht zu denken. Kurz vor Mitternacht schrillten die Pager und man machte sich zusammen mit dem L\u00f6schzug der Berufsfeuerwehr auf den Weg in Richtung &#8220;Zur Wei\u00dferd&#8221;. Von dort meldeten Anwohner ein Feuer im Bereich der benachbarten Bahnoberleitung.<\/p>\n\n\n\n<p class=\"wp-block-paragraph\">Nach dem Eintreffen an der Einsatzstelle begab man sich auf Erkundung und traf in der dortigen Gleisanlage mehrere Bahnmitarbeiter an, die von einem Defekt der Oberleitung berichteten. Da sonst kein weiterer Brand festgestellt werden konnte, geht die Feuerwehr davon aus, dass die Anrufer den Lichtbogen der Oberleitung gesehen und den Notruf gew\u00e4hlt haben.<\/p>\n\n\n\n<p class=\"wp-block-paragraph\">Gegen 1 Uhr in der Nacht war man wieder komplett im Ger\u00e4tehaus versammelt und konnte wieder den Nachhauseweg antreten. Bei vielen klingelte wenige Stunden sp\u00e4ter der Wecker, um p\u00fcnktlich &#8211; aber m\u00fcde &#8211; in den Arbeitstag zu starten.<\/p>\n","protected":false},"excerpt":{"rendered":"<p>&#x1f6a8; 52 \/ 2024&#x1f4c5; 10.09.24 \u2013 &#x1f556; 23:43 Uhr&#x1f4cd; Zur Wei\u00dferd&#x1f4df; F 2 ELEK&#x26a0;&#xfe0f; Brand elektrische Anlage Zum wiederholten Mal in diesem Jahr, war an eine entspannte Nachtruhe bei den Kostheimer Feuerwehrleuten nicht zu denken. Kurz vor Mitternacht schrillten die Pager und man machte sich zusammen mit dem L\u00f6schzug der Berufsfeuerwehr auf den Weg in [&hellip;]<\/p>\n","protected":false},"author":1,"featured_media":0,"comment_status":"closed","ping_status":"open","sticky":false,"template":"","format":"standard","meta":{"_et_pb_use_builder":"","_et_pb_old_content":"","_et_gb_content_width":"","_crdt_document":"","footnotes":""},"categories":[4,5],"tags":[112,1787,113,318,1135],"class_list":["post-8077","post","type-post","status-publish","format-standard","hentry","category-einsatzabteilung","category-einsatze","tag-brandverdacht","tag-f2-elek","tag-fehlalarm","tag-flammen","tag-oberleitung"],"_links":{"self":[{"href":"https:\/\/www.feuerwehrkostheim.de\/index.php?rest_route=\/wp\/v2\/posts\/8077","targetHints":{"allow":["GET"]}}],"collection":[{"href":"https:\/\/www.feuerwehrkostheim.de\/index.php?rest_route=\/wp\/v2\/posts"}],"about":[{"href":"https:\/\/www.feuerwehrkostheim.de\/index.php?rest_route=\/wp\/v2\/types\/post"}],"author":[{"embeddable":true,"href":"https:\/\/www.feuerwehrkostheim.de\/index.php?rest_route=\/wp\/v2\/users\/1"}],"replies":[{"embeddable":true,"href":"https:\/\/www.feuerwehrkostheim.de\/index.php?rest_route=%2Fwp%2Fv2%2Fcomments&post=8077"}],"version-history":[{"count":2,"href":"https:\/\/www.feuerwehrkostheim.de\/index.php?rest_route=\/wp\/v2\/posts\/8077\/revisions"}],"predecessor-version":[{"id":8080,"href":"https:\/\/www.feuerwehrkostheim.de\/index.php?rest_route=\/wp\/v2\/posts\/8077\/revisions\/8080"}],"wp:attachment":[{"href":"https:\/\/www.feuerwehrkostheim.de\/index.php?rest_route=%2Fwp%2Fv2%2Fmedia&parent=8077"}],"wp:term":[{"taxonomy":"category","embeddable":true,"href":"https:\/\/www.feuerwehrkostheim.de\/index.php?rest_route=%2Fwp%2Fv2%2Fcategories&post=8077"},{"taxonomy":"post_tag","embeddable":true,"href":"https:\/\/www.feuerwehrkostheim.de\/index.php?rest_route=%2Fwp%2Fv2%2Ftags&post=8077"}],"curies":[{"name":"wp","href":"https:\/\/api.w.org\/{rel}","templated":true}]}}