{"id":7988,"date":"2024-06-27T14:57:34","date_gmt":"2024-06-27T13:57:34","guid":{"rendered":"https:\/\/www.feuerwehrkostheim.de\/?p=7988"},"modified":"2024-06-27T15:42:29","modified_gmt":"2024-06-27T14:42:29","slug":"naechtlicher-verkehrsunfall-in-der-hauptstrasse","status":"publish","type":"post","link":"https:\/\/www.feuerwehrkostheim.de\/?p=7988","title":{"rendered":"N\u00e4chtlicher Verkehrsunfall in der Hauptstra\u00dfe"},"content":{"rendered":"\n<figure class=\"wp-block-image alignright size-large is-resized\"><img loading=\"lazy\" decoding=\"async\" width=\"777\" height=\"1024\" src=\"https:\/\/www.feuerwehrkostheim.de\/wp-content\/uploads\/2024\/06\/2024-06-27-VU-Hauptstrasse-777x1024.jpg\" alt=\"\" class=\"wp-image-7987\" style=\"width:347px;height:auto\"\/><\/figure>\n\n\n\n<p class=\"wp-block-paragraph\"><strong>&#x1f6a8; 40 \/ 2024<br>&#x1f4c5; 27.06.24 \u2013 &#x1f556; 01:18 Uhr<\/strong><br>&#x1f4cd; Hauptstra\u00dfe <br>&#x1f4df; H KLEMM 1 Y<br>&#x26a0;&#xfe0f; Verkehrsunfall<\/p>\n\n\n\n<p class=\"wp-block-paragraph\">In der Nacht auf Donnerstag alarmierte die Rettungsleitstelle aufgrund eines gemeldeten Verkehrsunfalls die Feuerwehr Kostheim sowie den Hilfeleistungszug der Berufsfeuerwehr. Da zu Beginn die Lage noch unklar war, lautete das Einsatzstichwort &#8220;Verkehrsunfall mit eingeklemmter Person&#8221;. Als das erste L\u00f6schfahrzeug in der Hauptstra\u00dfe eintraf, war die Polizei bereits mit zwei Streifenwagen vor Ort und betreute zusammen mit Ersthelfern die Fahrerin. Sie lag verletzt neben dem Fahrzeug, dass durch den Unfall bedingt umgest\u00fcrzt und auf der Fahrerseite zum Liegen kam. W\u00e4hrend zwei Kameraden die Betreuung und erste Sichtung der Patientin \u00fcbernahmen, baute man aufgrund ausgelaufener Betriebsstoffe den bei Verkehrsunf\u00e4llen \u00fcblichen Zweifachbrandschutz auf.<\/p>\n\n\n\n<p class=\"wp-block-paragraph\">Durch den ebenfalls alarmierten Rettungsdienst sowie Notarzt wurde die Patientin noch auf der Stra\u00dfe Erstversorgt und im Verlauf dann zur weiteren Behandlung in eine Klinik transportiert. W\u00e4hrend der Patientenversorgung in unmittelbarer N\u00e4he des verunfallten Fahrzeuges, sicherten die Kameraden den auf der Seite liegenden PKW mit speziellen Keilen gegen umfallen und streuten die ausgelaufenen Betriebsstoffe mit Bindemittel ab.<\/p>\n\n\n\n<p class=\"wp-block-paragraph\">Nach dem Abtransport der schwerverletzten Fahrerin konnte die Feuerwehr ihre Ger\u00e4tschaften zur\u00fcck bauen und die Einsatzstelle der Polizei \u00fcbergeben. Diese wird zudem den Unfallhergang, bei dem es sich um einen Alleinunfall handelte, ermitteln. <\/p>\n","protected":false},"excerpt":{"rendered":"<p>&#x1f6a8; 40 \/ 2024&#x1f4c5; 27.06.24 \u2013 &#x1f556; 01:18 Uhr&#x1f4cd; Hauptstra\u00dfe &#x1f4df; H KLEMM 1 Y&#x26a0;&#xfe0f; Verkehrsunfall In der Nacht auf Donnerstag alarmierte die Rettungsleitstelle aufgrund eines gemeldeten Verkehrsunfalls die Feuerwehr Kostheim sowie den Hilfeleistungszug der Berufsfeuerwehr. Da zu Beginn die Lage noch unklar war, lautete das Einsatzstichwort &#8220;Verkehrsunfall mit eingeklemmter Person&#8221;. Als das erste L\u00f6schfahrzeug [&hellip;]<\/p>\n","protected":false},"author":1,"featured_media":0,"comment_status":"closed","ping_status":"open","sticky":false,"template":"","format":"standard","meta":{"_et_pb_use_builder":"","_et_pb_old_content":"","_et_gb_content_width":"","_crdt_document":"","footnotes":""},"categories":[4,5],"tags":[1148,1372,470,422,70],"class_list":["post-7988","post","type-post","status-publish","format-standard","hentry","category-einsatzabteilung","category-einsatze","tag-alleinunfall","tag-hklemm1y","tag-person","tag-pkw","tag-vu"],"_links":{"self":[{"href":"https:\/\/www.feuerwehrkostheim.de\/index.php?rest_route=\/wp\/v2\/posts\/7988","targetHints":{"allow":["GET"]}}],"collection":[{"href":"https:\/\/www.feuerwehrkostheim.de\/index.php?rest_route=\/wp\/v2\/posts"}],"about":[{"href":"https:\/\/www.feuerwehrkostheim.de\/index.php?rest_route=\/wp\/v2\/types\/post"}],"author":[{"embeddable":true,"href":"https:\/\/www.feuerwehrkostheim.de\/index.php?rest_route=\/wp\/v2\/users\/1"}],"replies":[{"embeddable":true,"href":"https:\/\/www.feuerwehrkostheim.de\/index.php?rest_route=%2Fwp%2Fv2%2Fcomments&post=7988"}],"version-history":[{"count":2,"href":"https:\/\/www.feuerwehrkostheim.de\/index.php?rest_route=\/wp\/v2\/posts\/7988\/revisions"}],"predecessor-version":[{"id":7990,"href":"https:\/\/www.feuerwehrkostheim.de\/index.php?rest_route=\/wp\/v2\/posts\/7988\/revisions\/7990"}],"wp:attachment":[{"href":"https:\/\/www.feuerwehrkostheim.de\/index.php?rest_route=%2Fwp%2Fv2%2Fmedia&parent=7988"}],"wp:term":[{"taxonomy":"category","embeddable":true,"href":"https:\/\/www.feuerwehrkostheim.de\/index.php?rest_route=%2Fwp%2Fv2%2Fcategories&post=7988"},{"taxonomy":"post_tag","embeddable":true,"href":"https:\/\/www.feuerwehrkostheim.de\/index.php?rest_route=%2Fwp%2Fv2%2Ftags&post=7988"}],"curies":[{"name":"wp","href":"https:\/\/api.w.org\/{rel}","templated":true}]}}