{"id":7979,"date":"2024-06-25T17:49:00","date_gmt":"2024-06-25T16:49:00","guid":{"rendered":"https:\/\/www.feuerwehrkostheim.de\/?p=7979"},"modified":"2024-06-26T10:55:38","modified_gmt":"2024-06-26T09:55:38","slug":"freizeitfahrt-der-jugendfeuerwehr-nach-weidenhausen","status":"publish","type":"post","link":"https:\/\/www.feuerwehrkostheim.de\/?p=7979","title":{"rendered":"Freizeitfahrt der Jugendfeuerwehr nach Weidenhausen"},"content":{"rendered":"\n<figure class=\"wp-block-image alignright size-large is-resized\"><img decoding=\"async\" src=\"https:\/\/live.staticflickr.com\/65535\/53817232784_fd4ee8df9b_c.jpg\" alt=\"\" style=\"width:387px;height:auto\"\/><\/figure>\n\n\n\n<p class=\"wp-block-paragraph\">Ende Mai nutzte die Jugendfeuerwehr Kostheim wieder das verl\u00e4ngerte Wochenende \u00fcber Fronleichnam f\u00fcr die allj\u00e4hrige Freizeitfahrt. In diesem Jahr macht man sich auf den Weg nach Mittelhessen zur Bildungs- und Freizeitst\u00e4tte Weidenhausen. Nach dem Abendessen wollte man den Abend am Lagerfeuer ausklinken lassen. Leider machte ein gr\u00f6\u00dferes Regenband dies zu Nichte und man verlagerte die Fahnenwache unter einen Unterstand. Es zeigte sich als richtig die Fahnenwache aufrecht zur erhalten, weil es in der Nacht Besuch von Fahnendieben gab. Eine gr\u00f6\u00dfere Gruppe der Einsatzabteilung hat sich auf den Weg nach Weidenhausen gemacht und sich nach alter Tradition zum Ziel gesetzt, die Fahne der Jugendfeuerwehr zu klauen. Leider hatten die Jugendlichen keine Chance gegen die Vielzahl von Erwachsen anzukommen und es gelang die Fahne zu entwenden.<\/p>\n\n\n\n<p class=\"wp-block-paragraph\">Nach einer kurzen Nacht und dem morgendlichen Wecken lie\u00df man den Tag gem\u00fctlich mit einem gemeinsamen Fr\u00fchst\u00fcck beginnen. \u00dcber den Tag verteilt, wurde im angrenzenden Wald das Holz f\u00fcr das Lagefeuer gesammelt und gespalten. F\u00fcr das Abendessen nutze man den vorhanden Steinofen und die Jugendlichen konnten sich die selbst gemachte Pizza belegen.<\/p>\n\n\n<p><!--more--><\/p>\n\n\n<p class=\"wp-block-paragraph\">Am Freitag machte man sich auf den Weg nach Marburg und besuchte den Kletterwald. Nach einer kurzen Einweisung in die Parcours und dem Sicherungssystem konnten sich die Jugendlichen in verschiedenen und abwechslungsreichen Parcours unter Beweis stellen. Die Parcours befanden sich in verschieden H\u00f6hen und hatten verschieden Schwierigkeitsgrade. Ganz besonders war der Partner-Parcours, hier mussten sich die Jugendlichen gegenseitig unterst\u00fctzen, um den Parcours erfolgreich abzuschlie\u00dfen.<\/p>\n\n\n\n<p class=\"wp-block-paragraph\">Nachdem der Vortag trocken blieb, begann der Samstagmorgen wieder einmal mit einem Regenschauer. Im Anschluss musste Holz f\u00fcr das Lagerfeuer am Abend gesammelt und kleingemacht werden. Den letzten Abend verbrachte man am Lagerfeuer.<\/p>\n\n\n\n<figure class=\"wp-block-image aligncenter size-large\"><img decoding=\"async\" src=\"https:\/\/live.staticflickr.com\/65535\/53817233104_0be36b9101_c.jpg\" alt=\"\"\/><\/figure>\n\n\n\n<p class=\"wp-block-paragraph\">Nach dem letzten gemeinsamen Fr\u00fchst\u00fcck mussten die Koffer gepackt und das Haus aufger\u00e4umt werden. Als alle Fahrzeuge gepackt waren, machte man sich wieder auf den Heimweg nach Kostheim. Dort angekommen wurden die Autos ausgeladen und wieder auf Vordermann gebracht.<\/p>\n\n\n\n<p class=\"wp-block-paragraph\">Ein Dankesch\u00f6n gilt den Freiwilligen Wehren aus Biebrich, Erbenheim und Nordenstadt f\u00fcr die Zurverf\u00fcgungstellung deren Mannschaftsfahrzeuge.<\/p>\n\n\n\n<div style=\"height:40px\" aria-hidden=\"true\" class=\"wp-block-spacer\"><\/div>\n\n\n\n<p class=\"wp-block-paragraph\">                    <div class=\"flicgal-gallery-wrapper gallery-7978\">\n                                                    <h3 class=\"flicgal-title\">Freizeitfahrt der Jugendfeuerwehr &#8211; Mai 2024<\/h3>\n                                                <div class=\"flicgal-gallery-container-wrapper\">\n                            <div class=\"flicgal-spinner-wrapper\">\n                                <div class=\"flicgal-loading-img\"><img decoding=\"async\" src=\"https:\/\/www.feuerwehrkostheim.de\/wp-content\/plugins\/flickr-album-gallery\/img\/loading.gif\" \/><\/div>\n                            <\/div>\n                            <div class=\"flicgal-gallery-container\"><\/div>\n                        <\/div>\n                        <!-- Blueimp gallery -->\n                        <div id=\"blueimp-gallery-7978\" class=\"blueimp-gallery blueimp-gallery-controls\">\n                            <div class=\"slides\"><\/div>\n                            <h3 class=\"title\"><\/h3>\n                            <a class=\"prev\">\u2039<\/a>\n                            <a class=\"next\">\u203a<\/a>\n                            <a class=\"close\">\u00d7<\/a>\n                            <a class=\"play-pause\"><\/a>\n                            <ol class=\"indicator\"><\/ol>\n                        <\/div>\n                    <\/div>\n                    \n            <\/p>\n","protected":false},"excerpt":{"rendered":"<p>Ende Mai nutzte die Jugendfeuerwehr Kostheim wieder das verl\u00e4ngerte Wochenende \u00fcber Fronleichnam f\u00fcr die allj\u00e4hrige Freizeitfahrt. In diesem Jahr macht man sich auf den Weg nach Mittelhessen zur Bildungs- und Freizeitst\u00e4tte Weidenhausen. Nach dem Abendessen wollte man den Abend am Lagerfeuer ausklinken lassen. Leider machte ein gr\u00f6\u00dferes Regenband dies zu Nichte und man verlagerte die [&hellip;]<\/p>\n","protected":false},"author":1,"featured_media":0,"comment_status":"closed","ping_status":"open","sticky":false,"template":"","format":"standard","meta":{"_et_pb_use_builder":"","_et_pb_old_content":"","_et_gb_content_width":"","_crdt_document":"","footnotes":""},"categories":[7],"tags":[739,828,1767,1766],"class_list":["post-7979","post","type-post","status-publish","format-standard","hentry","category-jugendfeuerwehr","tag-freizeitfahrt","tag-jugendfeuerwehr","tag-kletterpark","tag-weidenhausen"],"_links":{"self":[{"href":"https:\/\/www.feuerwehrkostheim.de\/index.php?rest_route=\/wp\/v2\/posts\/7979","targetHints":{"allow":["GET"]}}],"collection":[{"href":"https:\/\/www.feuerwehrkostheim.de\/index.php?rest_route=\/wp\/v2\/posts"}],"about":[{"href":"https:\/\/www.feuerwehrkostheim.de\/index.php?rest_route=\/wp\/v2\/types\/post"}],"author":[{"embeddable":true,"href":"https:\/\/www.feuerwehrkostheim.de\/index.php?rest_route=\/wp\/v2\/users\/1"}],"replies":[{"embeddable":true,"href":"https:\/\/www.feuerwehrkostheim.de\/index.php?rest_route=%2Fwp%2Fv2%2Fcomments&post=7979"}],"version-history":[{"count":3,"href":"https:\/\/www.feuerwehrkostheim.de\/index.php?rest_route=\/wp\/v2\/posts\/7979\/revisions"}],"predecessor-version":[{"id":7982,"href":"https:\/\/www.feuerwehrkostheim.de\/index.php?rest_route=\/wp\/v2\/posts\/7979\/revisions\/7982"}],"wp:attachment":[{"href":"https:\/\/www.feuerwehrkostheim.de\/index.php?rest_route=%2Fwp%2Fv2%2Fmedia&parent=7979"}],"wp:term":[{"taxonomy":"category","embeddable":true,"href":"https:\/\/www.feuerwehrkostheim.de\/index.php?rest_route=%2Fwp%2Fv2%2Fcategories&post=7979"},{"taxonomy":"post_tag","embeddable":true,"href":"https:\/\/www.feuerwehrkostheim.de\/index.php?rest_route=%2Fwp%2Fv2%2Ftags&post=7979"}],"curies":[{"name":"wp","href":"https:\/\/api.w.org\/{rel}","templated":true}]}}