{"id":7968,"date":"2024-06-22T14:59:51","date_gmt":"2024-06-22T13:59:51","guid":{"rendered":"https:\/\/www.feuerwehrkostheim.de\/?p=7968"},"modified":"2024-09-11T13:14:55","modified_gmt":"2024-09-11T12:14:55","slug":"kartenvorverkauf-fuer-das-festwochenende-gestartet","status":"publish","type":"post","link":"https:\/\/www.feuerwehrkostheim.de\/?p=7968","title":{"rendered":"Kartenvorverkauf f\u00fcr das Festwochenende gestartet"},"content":{"rendered":"\n<figure class=\"wp-block-image size-large\"><a href=\"https:\/\/150jahre.feuerwehrkostheim.de\/kartenvorverkauf\/\" target=\"_blank\" rel=\"noreferrer noopener\"><img loading=\"lazy\" decoding=\"async\" width=\"1024\" height=\"576\" src=\"https:\/\/www.feuerwehrkostheim.de\/wp-content\/uploads\/2024\/06\/1-Kartenvorverkauf-Hinweisbild-1-1024x576.png\" alt=\"\" class=\"wp-image-7967\" srcset=\"https:\/\/www.feuerwehrkostheim.de\/wp-content\/uploads\/2024\/06\/1-Kartenvorverkauf-Hinweisbild-1-980x551.png 980w, https:\/\/www.feuerwehrkostheim.de\/wp-content\/uploads\/2024\/06\/1-Kartenvorverkauf-Hinweisbild-1-480x270.png 480w\" sizes=\"(min-width: 0px) and (max-width: 480px) 480px, (min-width: 481px) and (max-width: 980px) 980px, (min-width: 981px) 1024px, 100vw\" \/><\/a><\/figure>\n\n\n\n<p class=\"wp-block-paragraph\">Die Kostheimer Feuerwehr steht kurz vor dem H\u00f6hepunkt ihres diesj\u00e4hrigen Jubil\u00e4ums. Anfang September steigt die gro\u00dfe Jubil\u00e4umssause mit drei Tagen Abwechslung, gute Laune und Geselligkeit .<\/p>\n\n\n\n<p class=\"wp-block-paragraph\">Ab sofort besteht die M\u00f6glichkeit, die begehrten und begrenzten Tickets f\u00fcr die zwei Abendveranstaltungen zu erwerben. Der Preis f\u00fcr die Einzeltickets betr\u00e4gt im Vorverkauf 8 \u20ac und an der Abendkasse (sofern noch Verf\u00fcgbar) 12 \u20ac.<\/p>\n\n\n\n<p class=\"wp-block-paragraph\"><strong>Kombiticket-Vorteil:<\/strong><br>Wer f\u00fcr beide Abende Karten kaufen m\u00f6chte, kann im Rahmen des Bestellprozesses das Kombiticket ausw\u00e4hlen. Dies kostet insgesamt f\u00fcr die Silent Disco und den Live-Band-Abend nur 15\u20ac.<\/p>\n\n\n\n<p class=\"wp-block-paragraph\"><strong>Altershinweis:<\/strong><br>Mindestalter f\u00fcr die Abendveranstaltungen:<br>Jugendliche ab 16 Jahre &#8211; In Begleitung der Eltern:\u00a0ab\u00a012\u00a0Jahre.<\/p>\n\n\n\n<div style=\"height:20px\" aria-hidden=\"true\" class=\"wp-block-spacer\"><\/div>\n\n\n\n<div class=\"wp-block-buttons alignwide is-layout-flex wp-block-buttons-is-layout-flex\">\n<div class=\"wp-block-button\"><a class=\"wp-block-button__link has-text-align-center wp-element-button\" href=\"https:\/\/150jahre.feuerwehrkostheim.de\/kartenvorverkauf\/\" target=\"_blank\" rel=\"noreferrer noopener\">Direkt zum Kartenvorverkauf <\/a><\/div>\n<\/div>\n","protected":false},"excerpt":{"rendered":"<p>Die Kostheimer Feuerwehr steht kurz vor dem H\u00f6hepunkt ihres diesj\u00e4hrigen Jubil\u00e4ums. Anfang September steigt die gro\u00dfe Jubil\u00e4umssause mit drei Tagen Abwechslung, gute Laune und Geselligkeit . Ab sofort besteht die M\u00f6glichkeit, die begehrten und begrenzten Tickets f\u00fcr die zwei Abendveranstaltungen zu erwerben. Der Preis f\u00fcr die Einzeltickets betr\u00e4gt im Vorverkauf 8 \u20ac und an der [&hellip;]<\/p>\n","protected":false},"author":1,"featured_media":0,"comment_status":"open","ping_status":"open","sticky":false,"template":"","format":"standard","meta":{"_et_pb_use_builder":"","_et_pb_old_content":"","_et_gb_content_width":"","_crdt_document":"","footnotes":""},"categories":[1651],"tags":[1763,443,1765,565,1764],"class_list":["post-7968","post","type-post","status-publish","format-standard","hentry","category-150-jahre-ffk","tag-festwochenende","tag-jubilaum","tag-live-band","tag-party","tag-silentdisco"],"_links":{"self":[{"href":"https:\/\/www.feuerwehrkostheim.de\/index.php?rest_route=\/wp\/v2\/posts\/7968","targetHints":{"allow":["GET"]}}],"collection":[{"href":"https:\/\/www.feuerwehrkostheim.de\/index.php?rest_route=\/wp\/v2\/posts"}],"about":[{"href":"https:\/\/www.feuerwehrkostheim.de\/index.php?rest_route=\/wp\/v2\/types\/post"}],"author":[{"embeddable":true,"href":"https:\/\/www.feuerwehrkostheim.de\/index.php?rest_route=\/wp\/v2\/users\/1"}],"replies":[{"embeddable":true,"href":"https:\/\/www.feuerwehrkostheim.de\/index.php?rest_route=%2Fwp%2Fv2%2Fcomments&post=7968"}],"version-history":[{"count":7,"href":"https:\/\/www.feuerwehrkostheim.de\/index.php?rest_route=\/wp\/v2\/posts\/7968\/revisions"}],"predecessor-version":[{"id":7976,"href":"https:\/\/www.feuerwehrkostheim.de\/index.php?rest_route=\/wp\/v2\/posts\/7968\/revisions\/7976"}],"wp:attachment":[{"href":"https:\/\/www.feuerwehrkostheim.de\/index.php?rest_route=%2Fwp%2Fv2%2Fmedia&parent=7968"}],"wp:term":[{"taxonomy":"category","embeddable":true,"href":"https:\/\/www.feuerwehrkostheim.de\/index.php?rest_route=%2Fwp%2Fv2%2Fcategories&post=7968"},{"taxonomy":"post_tag","embeddable":true,"href":"https:\/\/www.feuerwehrkostheim.de\/index.php?rest_route=%2Fwp%2Fv2%2Ftags&post=7968"}],"curies":[{"name":"wp","href":"https:\/\/api.w.org\/{rel}","templated":true}]}}