{"id":7963,"date":"2024-06-20T14:38:27","date_gmt":"2024-06-20T13:38:27","guid":{"rendered":"https:\/\/www.feuerwehrkostheim.de\/?p=7963"},"modified":"2024-06-20T14:39:28","modified_gmt":"2024-06-20T13:39:28","slug":"hecke-geht-in-flammen-auf","status":"publish","type":"post","link":"https:\/\/www.feuerwehrkostheim.de\/?p=7963","title":{"rendered":"Hecke geht in Flammen auf"},"content":{"rendered":"\n<figure class=\"wp-block-image alignright size-large is-resized\"><img loading=\"lazy\" decoding=\"async\" width=\"768\" height=\"1024\" src=\"https:\/\/www.feuerwehrkostheim.de\/wp-content\/uploads\/2024\/06\/IMG_2472-768x1024.jpeg\" alt=\"\" class=\"wp-image-7962\" style=\"width:300px;height:auto\"\/><\/figure>\n\n\n\n<p class=\"wp-block-paragraph\"><strong>&#x1f6a8; 39 \/ 2024<br>&#x1f4c5; 20.06.24 \u2013 &#x1f556; 10:30 Uhr<\/strong><br>&#x1f4cd; Gartenweg<br>&#x1f4df; F 2<br>&#x26a0;&#xfe0f; Feuer am Geb\u00e4ude<\/p>\n\n\n\n<p class=\"wp-block-paragraph\">Am Donnerstagmorgen r\u00fcckte die Kostheimer Feuerwehr zusammen mit dem L\u00f6schzug der Berufsfeuerwehr zu einem gemeldeten Feuer im Gartenweg aus. Dort kam es zum Brand einer Hecke, der sich schnell ausbreitete. Als das erste L\u00f6schfahrzeug aus Kostheim vor Ort eintraf, waren die Flammen bereits durch die aufmerksame Nachbarschaft mittels drei Gartenschl\u00e4uchen gel\u00f6scht. Vorsorglich nahm man ein Strahlrohr f\u00fcr das Abl\u00f6schen der Glutnester vor und kontrollierte mit der W\u00e4rmebildkamera angrenzende Schuppen. Diese waren durch das Feuer bereits besch\u00e4digt. Ein weiteres Ausbreiten konnte durch den nachbarschaftlichen L\u00f6scheinsatz vor Eintreffen der Feuerwehr zum Gl\u00fcck verhindert werden.<\/p>\n\n\n\n<p class=\"wp-block-paragraph\">Die Feuerwehr Kostheim, die mit 14 Kameraden und zwei Fahrzeugen im Einsatz war, konnte den Einsatz nach etwa einer Stunde beenden.<\/p>\n","protected":false},"excerpt":{"rendered":"<p>&#x1f6a8; 39 \/ 2024&#x1f4c5; 20.06.24 \u2013 &#x1f556; 10:30 Uhr&#x1f4cd; Gartenweg&#x1f4df; F 2&#x26a0;&#xfe0f; Feuer am Geb\u00e4ude Am Donnerstagmorgen r\u00fcckte die Kostheimer Feuerwehr zusammen mit dem L\u00f6schzug der Berufsfeuerwehr zu einem gemeldeten Feuer im Gartenweg aus. Dort kam es zum Brand einer Hecke, der sich schnell ausbreitete. Als das erste L\u00f6schfahrzeug aus Kostheim vor Ort eintraf, waren [&hellip;]<\/p>\n","protected":false},"author":1,"featured_media":0,"comment_status":"closed","ping_status":"open","sticky":false,"template":"","format":"standard","meta":{"_et_pb_use_builder":"","_et_pb_old_content":"","_et_gb_content_width":"","_crdt_document":"","footnotes":""},"categories":[4,5],"tags":[110,1761,50,31,493,737,664,1760],"class_list":["post-7963","post","type-post","status-publish","format-standard","hentry","category-einsatzabteilung","category-einsatze","tag-alarmgruppe","tag-ausbreitung","tag-brand","tag-feuer","tag-gartenschlauch","tag-hecke","tag-schuppen","tag-strahlrohr"],"_links":{"self":[{"href":"https:\/\/www.feuerwehrkostheim.de\/index.php?rest_route=\/wp\/v2\/posts\/7963","targetHints":{"allow":["GET"]}}],"collection":[{"href":"https:\/\/www.feuerwehrkostheim.de\/index.php?rest_route=\/wp\/v2\/posts"}],"about":[{"href":"https:\/\/www.feuerwehrkostheim.de\/index.php?rest_route=\/wp\/v2\/types\/post"}],"author":[{"embeddable":true,"href":"https:\/\/www.feuerwehrkostheim.de\/index.php?rest_route=\/wp\/v2\/users\/1"}],"replies":[{"embeddable":true,"href":"https:\/\/www.feuerwehrkostheim.de\/index.php?rest_route=%2Fwp%2Fv2%2Fcomments&post=7963"}],"version-history":[{"count":3,"href":"https:\/\/www.feuerwehrkostheim.de\/index.php?rest_route=\/wp\/v2\/posts\/7963\/revisions"}],"predecessor-version":[{"id":7966,"href":"https:\/\/www.feuerwehrkostheim.de\/index.php?rest_route=\/wp\/v2\/posts\/7963\/revisions\/7966"}],"wp:attachment":[{"href":"https:\/\/www.feuerwehrkostheim.de\/index.php?rest_route=%2Fwp%2Fv2%2Fmedia&parent=7963"}],"wp:term":[{"taxonomy":"category","embeddable":true,"href":"https:\/\/www.feuerwehrkostheim.de\/index.php?rest_route=%2Fwp%2Fv2%2Fcategories&post=7963"},{"taxonomy":"post_tag","embeddable":true,"href":"https:\/\/www.feuerwehrkostheim.de\/index.php?rest_route=%2Fwp%2Fv2%2Ftags&post=7963"}],"curies":[{"name":"wp","href":"https:\/\/api.w.org\/{rel}","templated":true}]}}