{"id":7930,"date":"2024-06-11T11:09:00","date_gmt":"2024-06-11T10:09:00","guid":{"rendered":"https:\/\/www.feuerwehrkostheim.de\/?p=7930"},"modified":"2024-06-12T14:30:30","modified_gmt":"2024-06-12T13:30:30","slug":"150-jahre-ff-hechtsheim-festumzug-bei-strahlendem-sonnenschein","status":"publish","type":"post","link":"https:\/\/www.feuerwehrkostheim.de\/?p=7930","title":{"rendered":"150 Jahre FF Hechtsheim &#8211; Festumzug bei strahlendem Sonnenschein"},"content":{"rendered":"\n<figure class=\"wp-block-image alignright size-large is-resized\"><img loading=\"lazy\" decoding=\"async\" width=\"1024\" height=\"768\" src=\"https:\/\/www.feuerwehrkostheim.de\/wp-content\/uploads\/2024\/06\/2024-06-09-Festumzug-FF-Hechtsheim-2-1024x768.jpg\" alt=\"\" class=\"wp-image-7928\" style=\"width:396px;height:auto\" srcset=\"https:\/\/www.feuerwehrkostheim.de\/wp-content\/uploads\/2024\/06\/2024-06-09-Festumzug-FF-Hechtsheim-2-980x735.jpg 980w, https:\/\/www.feuerwehrkostheim.de\/wp-content\/uploads\/2024\/06\/2024-06-09-Festumzug-FF-Hechtsheim-2-480x360.jpg 480w\" sizes=\"(min-width: 0px) and (max-width: 480px) 480px, (min-width: 481px) and (max-width: 980px) 980px, (min-width: 981px) 1024px, 100vw\" \/><\/figure>\n\n\n\n<p class=\"wp-block-paragraph\"><strong>1874<\/strong> &#8211; das ist nicht nur das Gr\u00fcndungsjahr unserer Feuerwehr, sondern auch vieler anderer Wehren deutschlandweit aber auch in unserer Region. W\u00e4hrend die Feuerwehr Kostheim noch vor dem gro\u00dfen Festwochenende (06.-08. September) steht, stand bei den Kameraden aus Hechtsheim das vergangene Wochenende ganz im Zeichen deren 150-j\u00e4hrigen Jubil\u00e4ums..<\/p>\n\n\n\n<p class=\"wp-block-paragraph\">Am Sonntag versammelten sich eine Vielzahl von Vereinen, Feuerwehren und Blaulichtfreunden aus der Region im Industriegebiet, um beim anschlie\u00dfenden Festumzug durch die Stra\u00dfen Hechtsheims zu marschieren. Ziel war das Festgel\u00e4nde in der N\u00e4he des B\u00fcrgerhauses.<\/p>\n\n\n\n<p class=\"wp-block-paragraph\">Auch die Kostheimer Feuerwehr war mit einer gr\u00f6\u00dferen Abordnung der Einsatzabteilung sowie der Jugendfeuerwehr mit dabei und genoss bei bestem Feierwetter die tolle Stimmung, die Entlang der Zugstrecke herrschte. Selbstverst\u00e4ndlich durfte das traditionelle &#8220;Helau&#8221; nicht fehlen, auch wenn gerade keine f\u00fcnfte Jahreszeit ist. Sehr kurzweilig verlief der gesamte Nachmittag, den man im Anschluss an den Umzug auf dem Festgel\u00e4nde ausklingen lies, bevor man wieder den R\u00fcckweg auf die rechte Rheinseite antrat.<\/p>\n\n\n\n<figure class=\"wp-block-image size-large\"><a href=\"https:\/\/www.feuerwehrkostheim.de\/wp-content\/uploads\/2024\/06\/2024-06-09-Umzug-FF-Hechtsheim-150-Jahre-scaled.jpg\"><img loading=\"lazy\" decoding=\"async\" width=\"1024\" height=\"644\" src=\"https:\/\/www.feuerwehrkostheim.de\/wp-content\/uploads\/2024\/06\/2024-06-09-Umzug-FF-Hechtsheim-150-Jahre-1024x644.jpg\" alt=\"\" class=\"wp-image-7939\" srcset=\"https:\/\/www.feuerwehrkostheim.de\/wp-content\/uploads\/2024\/06\/2024-06-09-Umzug-FF-Hechtsheim-150-Jahre-980x616.jpg 980w, https:\/\/www.feuerwehrkostheim.de\/wp-content\/uploads\/2024\/06\/2024-06-09-Umzug-FF-Hechtsheim-150-Jahre-480x302.jpg 480w\" sizes=\"(min-width: 0px) and (max-width: 480px) 480px, (min-width: 481px) and (max-width: 980px) 980px, (min-width: 981px) 1024px, 100vw\" \/><\/a><\/figure>\n\n\n\n<p class=\"wp-block-paragraph\">Die Feuerwehr Kostheim begl\u00fcckw\u00fcnscht die Kameradinnen und Kameraden aus Hechtsheim zu ihrem Jubil\u00e4um und zum gelungenen Festwochenende und freut sich auf ein Wiedersehen zum Festwochenende im September.<\/p>\n","protected":false},"excerpt":{"rendered":"<p>1874 &#8211; das ist nicht nur das Gr\u00fcndungsjahr unserer Feuerwehr, sondern auch vieler anderer Wehren deutschlandweit aber auch in unserer Region. W\u00e4hrend die Feuerwehr Kostheim noch vor dem gro\u00dfen Festwochenende (06.-08. September) steht, stand bei den Kameraden aus Hechtsheim das vergangene Wochenende ganz im Zeichen deren 150-j\u00e4hrigen Jubil\u00e4ums.. Am Sonntag versammelten sich eine Vielzahl von [&hellip;]<\/p>\n","protected":false},"author":1,"featured_media":0,"comment_status":"closed","ping_status":"open","sticky":false,"template":"","format":"standard","meta":{"_et_pb_use_builder":"","_et_pb_old_content":"","_et_gb_content_width":"","_crdt_document":"","footnotes":""},"categories":[4,7,9],"tags":[1749,443],"class_list":["post-7930","post","type-post","status-publish","format-standard","hentry","category-einsatzabteilung","category-jugendfeuerwehr","category-veranstaltungen","tag-festumzug","tag-jubilaum"],"_links":{"self":[{"href":"https:\/\/www.feuerwehrkostheim.de\/index.php?rest_route=\/wp\/v2\/posts\/7930","targetHints":{"allow":["GET"]}}],"collection":[{"href":"https:\/\/www.feuerwehrkostheim.de\/index.php?rest_route=\/wp\/v2\/posts"}],"about":[{"href":"https:\/\/www.feuerwehrkostheim.de\/index.php?rest_route=\/wp\/v2\/types\/post"}],"author":[{"embeddable":true,"href":"https:\/\/www.feuerwehrkostheim.de\/index.php?rest_route=\/wp\/v2\/users\/1"}],"replies":[{"embeddable":true,"href":"https:\/\/www.feuerwehrkostheim.de\/index.php?rest_route=%2Fwp%2Fv2%2Fcomments&post=7930"}],"version-history":[{"count":7,"href":"https:\/\/www.feuerwehrkostheim.de\/index.php?rest_route=\/wp\/v2\/posts\/7930\/revisions"}],"predecessor-version":[{"id":7951,"href":"https:\/\/www.feuerwehrkostheim.de\/index.php?rest_route=\/wp\/v2\/posts\/7930\/revisions\/7951"}],"wp:attachment":[{"href":"https:\/\/www.feuerwehrkostheim.de\/index.php?rest_route=%2Fwp%2Fv2%2Fmedia&parent=7930"}],"wp:term":[{"taxonomy":"category","embeddable":true,"href":"https:\/\/www.feuerwehrkostheim.de\/index.php?rest_route=%2Fwp%2Fv2%2Fcategories&post=7930"},{"taxonomy":"post_tag","embeddable":true,"href":"https:\/\/www.feuerwehrkostheim.de\/index.php?rest_route=%2Fwp%2Fv2%2Ftags&post=7930"}],"curies":[{"name":"wp","href":"https:\/\/api.w.org\/{rel}","templated":true}]}}