{"id":7886,"date":"2024-05-13T18:00:19","date_gmt":"2024-05-13T17:00:19","guid":{"rendered":"https:\/\/www.feuerwehrkostheim.de\/?p=7886"},"modified":"2024-05-13T18:01:25","modified_gmt":"2024-05-13T17:01:25","slug":"feierliche-ehrung-und-vereidigung-im-rathaus","status":"publish","type":"post","link":"https:\/\/www.feuerwehrkostheim.de\/?p=7886","title":{"rendered":"Feierliche Ehrung und Vereidigung im Rathaus"},"content":{"rendered":"\n<p class=\"wp-block-paragraph\">Am vergangenen Wochenende lud Oberb\u00fcrgermeister Gert-Uwe Mende ins Wiesbadener Rathaus ein, um langj\u00e4hrig engagierten Kameradinnen und Kameraden der Freiwilligen Feuerwehr Wiesbadens in einem feierlichen Rahmen zu ehren. Mit der Anerkennungspr\u00e4mie des Landes Hessen wurden ehrenamtliche Feuerwehrm\u00e4nner und -frauen f\u00fcr 10, 20, 30, 40 oder gar 50 Jahre Engagement im Dienste der Allgemeinheit ausgezeichnet. <\/p>\n\n\n\n<figure class=\"wp-block-image aligncenter size-large\"><a href=\"https:\/\/www.feuerwehrkostheim.de\/wp-content\/uploads\/2024\/05\/2024-05-11-Rathaus-scaled.jpg\"><img loading=\"lazy\" decoding=\"async\" width=\"1024\" height=\"768\" src=\"https:\/\/www.feuerwehrkostheim.de\/wp-content\/uploads\/2024\/05\/2024-05-11-Rathaus-1024x768.jpg\" alt=\"\" class=\"wp-image-7885\" style=\"object-fit:cover\" srcset=\"https:\/\/www.feuerwehrkostheim.de\/wp-content\/uploads\/2024\/05\/2024-05-11-Rathaus-980x735.jpg 980w, https:\/\/www.feuerwehrkostheim.de\/wp-content\/uploads\/2024\/05\/2024-05-11-Rathaus-480x360.jpg 480w\" sizes=\"(min-width: 0px) and (max-width: 480px) 480px, (min-width: 481px) and (max-width: 980px) 980px, (min-width: 981px) 1024px, 100vw\" \/><\/a><figcaption class=\"wp-element-caption\">v.l.n.r.: Wehrf\u00fchrer Michael Stark, Martin Reinheimer, Karl-Hermann Merz, Albert Keller, Torsten Krimmel<\/figcaption><\/figure>\n\n\n\n<p class=\"wp-block-paragraph\">Seitens der Kostheimer Wehr erhielten Torsten Krimmel und Martin Reinheimer die Auszeichnung f\u00fcr 30 Jahre , Karl-Hermann Merz f\u00fcr 40 Jahre und Albert Keller die Ehrung f\u00fcr insgesamt 50 Jahre ehrenamtlichen Dienst.<\/p>\n\n\n\n<p class=\"wp-block-paragraph\">Neben der Vergabe der Anerkennungspr\u00e4mien wurden zudem die Vereidigung der neu gew\u00e4hlten Stadtbrandinspektoren und Wehrf\u00fchrungen zu Ehrenbeamten durchgef\u00fchrt. Auch zwei neue  Kollegen der Berufsfeuerwehr wurden vereidigt.<\/p>\n\n\n\n<p class=\"wp-block-paragraph\">Der Kostheimer Wehrf\u00fchrer Michael Stark legte ebenfalls den Eid ab und erhielt vom Oberb\u00fcrgermeister die Ernennungsurkunde zum Stellvertretenden Stadtbrandinspektor der Freiwilligen Feuerwehr Wiesbadens.<\/p>\n\n\n\n<p class=\"wp-block-paragraph\">Die Feuerwehr Kostheim gratuliert allen ausgezeichneten sowie vereidigten Kameradinnen und Kameraden.<\/p>\n","protected":false},"excerpt":{"rendered":"<p>Am vergangenen Wochenende lud Oberb\u00fcrgermeister Gert-Uwe Mende ins Wiesbadener Rathaus ein, um langj\u00e4hrig engagierten Kameradinnen und Kameraden der Freiwilligen Feuerwehr Wiesbadens in einem feierlichen Rahmen zu ehren. Mit der Anerkennungspr\u00e4mie des Landes Hessen wurden ehrenamtliche Feuerwehrm\u00e4nner und -frauen f\u00fcr 10, 20, 30, 40 oder gar 50 Jahre Engagement im Dienste der Allgemeinheit ausgezeichnet. Seitens der [&hellip;]<\/p>\n","protected":false},"author":1,"featured_media":0,"comment_status":"closed","ping_status":"open","sticky":false,"template":"","format":"standard","meta":{"_et_pb_use_builder":"","_et_pb_old_content":"","_et_gb_content_width":"","_crdt_document":"","footnotes":""},"categories":[4,9],"tags":[1601,623,171,1520,516,707,1744],"class_list":["post-7886","post","type-post","status-publish","format-standard","hentry","category-einsatzabteilung","category-veranstaltungen","tag-anerkennungspraemie","tag-auszeichnung","tag-ehrungen","tag-mende","tag-rathaus","tag-stadtbrandinspektor","tag-vereidigung"],"_links":{"self":[{"href":"https:\/\/www.feuerwehrkostheim.de\/index.php?rest_route=\/wp\/v2\/posts\/7886","targetHints":{"allow":["GET"]}}],"collection":[{"href":"https:\/\/www.feuerwehrkostheim.de\/index.php?rest_route=\/wp\/v2\/posts"}],"about":[{"href":"https:\/\/www.feuerwehrkostheim.de\/index.php?rest_route=\/wp\/v2\/types\/post"}],"author":[{"embeddable":true,"href":"https:\/\/www.feuerwehrkostheim.de\/index.php?rest_route=\/wp\/v2\/users\/1"}],"replies":[{"embeddable":true,"href":"https:\/\/www.feuerwehrkostheim.de\/index.php?rest_route=%2Fwp%2Fv2%2Fcomments&post=7886"}],"version-history":[{"count":2,"href":"https:\/\/www.feuerwehrkostheim.de\/index.php?rest_route=\/wp\/v2\/posts\/7886\/revisions"}],"predecessor-version":[{"id":7889,"href":"https:\/\/www.feuerwehrkostheim.de\/index.php?rest_route=\/wp\/v2\/posts\/7886\/revisions\/7889"}],"wp:attachment":[{"href":"https:\/\/www.feuerwehrkostheim.de\/index.php?rest_route=%2Fwp%2Fv2%2Fmedia&parent=7886"}],"wp:term":[{"taxonomy":"category","embeddable":true,"href":"https:\/\/www.feuerwehrkostheim.de\/index.php?rest_route=%2Fwp%2Fv2%2Fcategories&post=7886"},{"taxonomy":"post_tag","embeddable":true,"href":"https:\/\/www.feuerwehrkostheim.de\/index.php?rest_route=%2Fwp%2Fv2%2Ftags&post=7886"}],"curies":[{"name":"wp","href":"https:\/\/api.w.org\/{rel}","templated":true}]}}