{"id":7871,"date":"2024-05-12T12:26:42","date_gmt":"2024-05-12T11:26:42","guid":{"rendered":"https:\/\/www.feuerwehrkostheim.de\/?p=7871"},"modified":"2024-05-12T12:26:46","modified_gmt":"2024-05-12T11:26:46","slug":"auffahrunfall-loest-e-call-notruf-aus","status":"publish","type":"post","link":"https:\/\/www.feuerwehrkostheim.de\/?p=7871","title":{"rendered":"Auffahrunfall l\u00f6st E-Call-Notruf aus"},"content":{"rendered":"\n<p class=\"wp-block-paragraph\"><strong>&#x1f6a8; 28 \/ 2024<br>&#x1f4c5; 08.05.24 \u2013 &#x1f556; 16:52 Uhr<\/strong><br>&#x1f4cd; Boelckestra\u00dfe<br>&#x1f4df; H KLEMM 1Y<br>&#x26a0;&#xfe0f; Verkehrsunfall<\/p>\n\n\n\n<p class=\"wp-block-paragraph\">W\u00e4hrend die Kostheimer Wehr noch mit den Vorbereitungen f\u00fcr den Tag der offenen T\u00fcr rund um das Ger\u00e4tehaus besch\u00e4ftigt war, l\u00f6ste die Rettungsleitstelle die Pager aufgrund eines anzunehmenden Verkehrsunfalls auf der Boelckestra\u00dfe aus. Nur wenige Sekunden nach der Alarmierung r\u00fcckte das erste L\u00f6schfahrzeug aus und traf zusammen mit den Kameraden der Berufsfeuerwehr an der Einsatzstelle ein. Gl\u00fccklicher Weise handelte es sich lediglich um einen Auffahrunfall, bei dem niemand weiter schwerer verletzt oder gar eingeklemmt war. Die Unfallmeldung erfolgte \u00fcber das elektronische Meldesystem eines beteiligten Fahrzeuges. Die Berufsfeuerwehr \u00fcbernahm noch die Absicherung der Unfallstelle, die restlichen Kr\u00e4fte konnten wieder einr\u00fccken.<\/p>\n","protected":false},"excerpt":{"rendered":"<p>&#x1f6a8; 28 \/ 2024&#x1f4c5; 08.05.24 \u2013 &#x1f556; 16:52 Uhr&#x1f4cd; Boelckestra\u00dfe&#x1f4df; H KLEMM 1Y&#x26a0;&#xfe0f; Verkehrsunfall W\u00e4hrend die Kostheimer Wehr noch mit den Vorbereitungen f\u00fcr den Tag der offenen T\u00fcr rund um das Ger\u00e4tehaus besch\u00e4ftigt war, l\u00f6ste die Rettungsleitstelle die Pager aufgrund eines anzunehmenden Verkehrsunfalls auf der Boelckestra\u00dfe aus. Nur wenige Sekunden nach der Alarmierung r\u00fcckte das [&hellip;]<\/p>\n","protected":false},"author":1,"featured_media":0,"comment_status":"closed","ping_status":"open","sticky":false,"template":"","format":"standard","meta":{"_et_pb_use_builder":"","_et_pb_old_content":"","_et_gb_content_width":"","_crdt_document":"","footnotes":""},"categories":[4,5],"tags":[110,1740,1372,70],"class_list":["post-7871","post","type-post","status-publish","format-standard","hentry","category-einsatzabteilung","category-einsatze","tag-alarmgruppe","tag-auffahrunfall","tag-hklemm1y","tag-vu"],"_links":{"self":[{"href":"https:\/\/www.feuerwehrkostheim.de\/index.php?rest_route=\/wp\/v2\/posts\/7871","targetHints":{"allow":["GET"]}}],"collection":[{"href":"https:\/\/www.feuerwehrkostheim.de\/index.php?rest_route=\/wp\/v2\/posts"}],"about":[{"href":"https:\/\/www.feuerwehrkostheim.de\/index.php?rest_route=\/wp\/v2\/types\/post"}],"author":[{"embeddable":true,"href":"https:\/\/www.feuerwehrkostheim.de\/index.php?rest_route=\/wp\/v2\/users\/1"}],"replies":[{"embeddable":true,"href":"https:\/\/www.feuerwehrkostheim.de\/index.php?rest_route=%2Fwp%2Fv2%2Fcomments&post=7871"}],"version-history":[{"count":1,"href":"https:\/\/www.feuerwehrkostheim.de\/index.php?rest_route=\/wp\/v2\/posts\/7871\/revisions"}],"predecessor-version":[{"id":7872,"href":"https:\/\/www.feuerwehrkostheim.de\/index.php?rest_route=\/wp\/v2\/posts\/7871\/revisions\/7872"}],"wp:attachment":[{"href":"https:\/\/www.feuerwehrkostheim.de\/index.php?rest_route=%2Fwp%2Fv2%2Fmedia&parent=7871"}],"wp:term":[{"taxonomy":"category","embeddable":true,"href":"https:\/\/www.feuerwehrkostheim.de\/index.php?rest_route=%2Fwp%2Fv2%2Fcategories&post=7871"},{"taxonomy":"post_tag","embeddable":true,"href":"https:\/\/www.feuerwehrkostheim.de\/index.php?rest_route=%2Fwp%2Fv2%2Ftags&post=7871"}],"curies":[{"name":"wp","href":"https:\/\/api.w.org\/{rel}","templated":true}]}}