{"id":7865,"date":"2024-05-05T14:45:20","date_gmt":"2024-05-05T13:45:20","guid":{"rendered":"https:\/\/www.feuerwehrkostheim.de\/?p=7865"},"modified":"2024-05-05T14:52:06","modified_gmt":"2024-05-05T13:52:06","slug":"erfolgreiche-abnahme-der-jugendflamme","status":"publish","type":"post","link":"https:\/\/www.feuerwehrkostheim.de\/?p=7865","title":{"rendered":"Erfolgreiche Abnahme der Jugendflamme"},"content":{"rendered":"\n<figure class=\"wp-block-image alignright size-large\"><img decoding=\"async\" src=\"https:\/\/live.staticflickr.com\/65535\/53699906871_d2464c7b91_w.jpg\" alt=\"\"\/><\/figure>\n\n\n\n<p class=\"wp-block-paragraph\">Zum wiederholten Male fand am vergangenen Samstag auf dem Sportplatz Kastel die Abnahme der sogenannten Jugendflamme statt. Hierzu hatten sich ab 8 Uhr insgesamt 118 Kinder und Jugendliche der Wiesbadener Jugendfeuerwehren zur Anmeldung eingefunden.<\/p>\n\n\n\n<p class=\"wp-block-paragraph\">Die Jugendflamme ist in der Jugendfeuerwehr eine der ersten Auszeichnungen die man, in den Stufen 1, 2 oder 3 unterteilt, erhalten kann. Hier gilt es verschiedene Disziplinen in theoretischer und praktischer Form abzulegen und dort sein Feuerwehrwissen kundzutun. Neben dem richtigen Auf- und Absitzen im L\u00f6schfahrzeug, dem Anwenden von Knoten, einer Ger\u00e4tekunde und Ma\u00dfnahmen der Ersten Hilfe, musste f\u00fcr die Stufe 2 (Altersstufe ab 13 Jahren) unter anderem auch ein Sporttest in Form eines 50-100 m Laufes sowie einer Weitsprungdisziplin ausgef\u00fchrt werden. F\u00fcr jede einzelne Disziplin kann man insgesamt vier Punkte erhalten und so zwischen 16 \u2013 20 Punkte erhaschen.<\/p>\n\n\n\n<p class=\"wp-block-paragraph\">Auch die Kostheimer Jugendfeuerwehr nahm erfolgreich mit insgesamt neun Jugendlichen, davon ein M\u00e4dchen, daran teil. Mit Bravour wurden alle Stationen in Windeseile abgearbeitet und sich \u00fcber jede h\u00f6chstm\u00f6gliche Punktzahl gefreut.<\/p>\n\n\n<p><!--more--><\/p>\n\n\n<p class=\"wp-block-paragraph\">Mit stolz geschwellter Brust pr\u00e4sentierte man, nach der R\u00fcckkehr ins Feuerwehrger\u00e4tehaus, den dort noch anwesenden Aktiven der Einsatzabteilung ihre Jugendflammennadel und verrichtete im Anschluss den Heimweg, um auch zuhause den wartenden Eltern die frohe Kunde der Erreichung der Jugendflamme zu pr\u00e4sentieren.<\/p>\n\n\n\n<p class=\"wp-block-paragraph\">Die Feuerwehr Kostheim freut sich mit seinem Nachwuchs \u00fcber die tollen Auszeichnungen und gratuliert:<\/p>\n\n\n\n<p class=\"wp-block-paragraph\">Malena K\u00f6nig, Koray Brehm-Beng\u00fcl, Samuele Deiana, Jayden Ek, Flavio Spiga, Lenny Kirschner, Emil Pfirrmann, Fabio Stein und Jannis Zimmermann.<\/p>\n\n\n\n<figure class=\"wp-block-image aligncenter size-large\"><img decoding=\"async\" src=\"https:\/\/live.staticflickr.com\/65535\/53700246204_7103e0b0dd_c.jpg\" alt=\"\"\/><\/figure>\n\n\n\n<div style=\"height:10px\" aria-hidden=\"true\" class=\"wp-block-spacer\"><\/div>\n\n\n\n<p class=\"wp-block-paragraph\">Wir w\u00fcnschen euch auch zuk\u00fcnftig viel Spa\u00df mit eurem nicht allt\u00e4glichen Hobby und freuen uns, wenn ihr auch weiterhin das Feuer der Begeisterung am Leben erhaltet.<\/p>\n\n\n\n<div style=\"height:40px\" aria-hidden=\"true\" class=\"wp-block-spacer\"><\/div>\n\n\n\n<p class=\"wp-block-paragraph\">                    <div class=\"flicgal-gallery-wrapper gallery-7864\">\n                                                    <h3 class=\"flicgal-title\">Abnahme der Jugendflamme &#8211; 04.05.24<\/h3>\n                                                <div class=\"flicgal-gallery-container-wrapper\">\n                            <div class=\"flicgal-spinner-wrapper\">\n                                <div class=\"flicgal-loading-img\"><img decoding=\"async\" src=\"https:\/\/www.feuerwehrkostheim.de\/wp-content\/plugins\/flickr-album-gallery\/img\/loading.gif\" \/><\/div>\n                            <\/div>\n                            <div class=\"flicgal-gallery-container\"><\/div>\n                        <\/div>\n                        <!-- Blueimp gallery -->\n                        <div id=\"blueimp-gallery-7864\" class=\"blueimp-gallery blueimp-gallery-controls\">\n                            <div class=\"slides\"><\/div>\n                            <h3 class=\"title\"><\/h3>\n                            <a class=\"prev\"><\/a>\n                            <a class=\"next\"><\/a>\n                            <a class=\"close\"><\/a>\n                            <a class=\"play-pause\"><\/a>\n                            <ol class=\"indicator\"><\/ol>\n                        <\/div>\n                    <\/div>\n                    \n            <\/p>\n","protected":false},"excerpt":{"rendered":"<p>Zum wiederholten Male fand am vergangenen Samstag auf dem Sportplatz Kastel die Abnahme der sogenannten Jugendflamme statt. Hierzu hatten sich ab 8 Uhr insgesamt 118 Kinder und Jugendliche der Wiesbadener Jugendfeuerwehren zur Anmeldung eingefunden. Die Jugendflamme ist in der Jugendfeuerwehr eine der ersten Auszeichnungen die man, in den Stufen 1, 2 oder 3 unterteilt, erhalten [&hellip;]<\/p>\n","protected":false},"author":1,"featured_media":0,"comment_status":"closed","ping_status":"open","sticky":false,"template":"","format":"standard","meta":{"_et_pb_use_builder":"","_et_pb_old_content":"","_et_gb_content_width":"","_crdt_document":"","footnotes":""},"categories":[7,9],"tags":[95,623,828,94,264],"class_list":["post-7865","post","type-post","status-publish","format-standard","hentry","category-jugendfeuerwehr","category-veranstaltungen","tag-abnahme","tag-auszeichnung","tag-jugendfeuerwehr","tag-jugendflamme","tag-leistung"],"_links":{"self":[{"href":"https:\/\/www.feuerwehrkostheim.de\/index.php?rest_route=\/wp\/v2\/posts\/7865","targetHints":{"allow":["GET"]}}],"collection":[{"href":"https:\/\/www.feuerwehrkostheim.de\/index.php?rest_route=\/wp\/v2\/posts"}],"about":[{"href":"https:\/\/www.feuerwehrkostheim.de\/index.php?rest_route=\/wp\/v2\/types\/post"}],"author":[{"embeddable":true,"href":"https:\/\/www.feuerwehrkostheim.de\/index.php?rest_route=\/wp\/v2\/users\/1"}],"replies":[{"embeddable":true,"href":"https:\/\/www.feuerwehrkostheim.de\/index.php?rest_route=%2Fwp%2Fv2%2Fcomments&post=7865"}],"version-history":[{"count":3,"href":"https:\/\/www.feuerwehrkostheim.de\/index.php?rest_route=\/wp\/v2\/posts\/7865\/revisions"}],"predecessor-version":[{"id":7869,"href":"https:\/\/www.feuerwehrkostheim.de\/index.php?rest_route=\/wp\/v2\/posts\/7865\/revisions\/7869"}],"wp:attachment":[{"href":"https:\/\/www.feuerwehrkostheim.de\/index.php?rest_route=%2Fwp%2Fv2%2Fmedia&parent=7865"}],"wp:term":[{"taxonomy":"category","embeddable":true,"href":"https:\/\/www.feuerwehrkostheim.de\/index.php?rest_route=%2Fwp%2Fv2%2Fcategories&post=7865"},{"taxonomy":"post_tag","embeddable":true,"href":"https:\/\/www.feuerwehrkostheim.de\/index.php?rest_route=%2Fwp%2Fv2%2Ftags&post=7865"}],"curies":[{"name":"wp","href":"https:\/\/api.w.org\/{rel}","templated":true}]}}