{"id":7847,"date":"2024-05-03T13:13:25","date_gmt":"2024-05-03T12:13:25","guid":{"rendered":"https:\/\/www.feuerwehrkostheim.de\/?p=7847"},"modified":"2024-05-03T13:50:06","modified_gmt":"2024-05-03T12:50:06","slug":"akademische-feier-anlaesslich-des-dreifach-jubilaeums","status":"publish","type":"post","link":"https:\/\/www.feuerwehrkostheim.de\/?p=7847","title":{"rendered":"Akademische Feier anl\u00e4sslich des dreifach-Jubil\u00e4ums"},"content":{"rendered":"\n<figure class=\"wp-block-image alignright size-large\"><img decoding=\"async\" src=\"https:\/\/live.staticflickr.com\/65535\/53693172411_54b596e388_w.jpg\" alt=\"\"\/><\/figure>\n\n\n\n<p class=\"wp-block-paragraph\">Mit einem feierlichen Festakt zur 150 Jahrfeier begannen am vergangenen Samstag die Jubil\u00e4umsveranstaltungen der Kostheimer Feuerwehr im Jubeljahr 2024. Rund 200 G\u00e4ste waren der Einladung zur Akademischen Feier gefolgt und konnten durch den Wehrf\u00fchrer und 1. Vorsitzenden des Feuerwehrvereins, Michael Stark, im Kostheimer B\u00fcrgerhaus begr\u00fc\u00dft werden. Neben einer stattlichen Anzahl an Ehreng\u00e4sten aus Politik und Verwaltung und vielen Vereinsmitgliedern waren auch zahlreiche Abordnungen Freiwilliger Feuerwehren, der ganzen Blaulichtfamilie sowie der Kostheimer Vereine anwesend. F\u00fcr die musikalische Untermalung der Veranstaltung sorgte die Feuerwehrkapelle aus Mainz-Drais mit einem bunten Strau\u00df an musikalischen Leckerbissen. Durch den Abend f\u00fchrten Wehrf\u00fchrer Michael Stark und sein Stellvertreter Mathias M\u00e4mpel.<\/p>\n\n\n\n<figure class=\"wp-block-image alignright size-large is-resized\"><img decoding=\"async\" src=\"https:\/\/live.staticflickr.com\/65535\/53693615570_4b50e1d25a_w.jpg\" alt=\"\" style=\"width:400px;height:auto\"\/><\/figure>\n\n\n\n<p class=\"wp-block-paragraph\">Nach einer kurzen Begr\u00fc\u00dfungsrede durch Michael Stark er\u00f6ffnete der Wiesbadener Oberb\u00fcrgermeister Gert-Uwe Mende den Reigen der Gru\u00dfredner. Er w\u00fcrdigte die 150-j\u00e4hrige Geschichte der Kostheimer Feuerwehr und dankte den Wehrleuten f\u00fcr ihr ehrenamtliches Engagement und ihren Dienst f\u00fcr die Kostheimer und Wiesbadener Bev\u00f6lkerung. Zugleich \u00fcberreichte er der Freiwilligen Feuerwehr Kostheim die Stadtplakette in Gold der Landeshauptstadt Wiesbaden. Die stellvertretende Stadtverordnetenvorsteherin Mechthild Coign\u00e9 \u00fcberbrachte die herzlichsten Gr\u00fc\u00dfe des Wiesbadener Stadtparlaments. Zu den weiteren Gru\u00dfrednern z\u00e4hlten der Kostheimer Ortsvorsteher Stephan Lauer, der Amtsleiter der Berufsfeuerwehr Wiesbaden Andreas Kleber, der Stadtbrandinspektor Sascha Gerhard, der stellv. Stadtjugendfeuerwehrwart Frank Hofmeister, der stellv. Stadtbrandinspektor Uwe Waldaestel f\u00fcr den Hessischen Feuerwehrverband, der Betreuer der Kostheimer Feuerwehr bei der Berufsfeuerwehr Claas Scheffler sowie Petra Eckert f\u00fcr den Kostheimer Vereinsring.<\/p>\n\n\n<p><!--more--><\/p>\n\n\n<figure class=\"wp-block-image alignright size-large is-resized\"><img decoding=\"async\" src=\"https:\/\/live.staticflickr.com\/65535\/53693610305_1f81bfa433_w.jpg\" alt=\"\" style=\"width:202px;height:auto\"\/><\/figure>\n\n\n\n<p class=\"wp-block-paragraph\">Das emotionale Herzst\u00fcck der Veranstaltung bildete die von Peter Muttke verfasste und mit vielen pers\u00f6nlichen Elementen gespickte Laudatio. Der ehemalige Wehrf\u00fchrer aus Kastel wusste nicht nur fachm\u00e4nnisch \u00fcber die Entwicklung des Feuerwehrwesens, sondern auch mit allerhand Anekdoten in charmanter Form \u00fcber die \u201eKostemer\u201c und ihre Besonderheiten zu berichten.<\/p>\n\n\n\n<p class=\"wp-block-paragraph\">Die Anwesenden quittierten die Rede mit lang anhaltendem Applaus. Wehrf\u00fchrer Stark dankte dem Laudator und war sichtlich ger\u00fchrt, als dieser ihm einen Original-Feuerwehrhelm aus der Gr\u00fcndungszeit der Kostheimer Wehr aus seinem Privatfundus \u00fcberreichte.<\/p>\n\n\n\n<p class=\"wp-block-paragraph\">Nach einem weiteren Musikst\u00fcck der Feuerwehrkapelle Mainz-Drais, galt es, einigen Personen ein ausdr\u00fcckliches Wort des Dankes zu sagen. Roderich Volk f\u00fcr die \u00dcberarbeitung der Chronik, dem Ehepaar Haupt f\u00fcr die Gestaltung eines Jubil\u00e4umsweins sowie an Frau Johanna Jermis, die in m\u00fchevoller Arbeit die Festschrift zum Jubil\u00e4um gestaltet und layoutet hat.<\/p>\n\n\n\n<p class=\"wp-block-paragraph\">Dass die Feuerwehr Kostheim auch kreativ unterwegs ist, zeigte sich mit der anschlie\u00dfenden Auff\u00fchrung des Jerusalema-Videos, dass die Wehr inmitten der Corona-Pandemie aufgezeichnet hatte. Ein integrierter Flashmob mit Tanzeinlage vervollst\u00e4ndigte die Darbietung.<\/p>\n\n\n\n<figure class=\"wp-block-image aligncenter size-large\"><img decoding=\"async\" src=\"https:\/\/live.staticflickr.com\/65535\/53693176786_a2b3a934b2_c.jpg\" alt=\"\"\/><\/figure>\n\n\n\n<div style=\"height:10px\" aria-hidden=\"true\" class=\"wp-block-spacer\"><\/div>\n\n\n\n<p class=\"wp-block-paragraph\">Zum Abschluss des offiziellen Teils stand zu guter Letzt \u2013 und wie bei der Kostheimer Feuerwehr \u00fcblich \u2013 das Singen des Kostheimer Feuerwehrliedes an. Hierzu versammelten sich alle anwesenden Mitglieder der Einsatzabteilung, der Alters-und Ehrenabteilung sowie der Jugendfeuerwehr vor der B\u00fchne, um stimmgewaltig die gelungene Veranstaltung abzuschlie\u00dfen.<\/p>\n\n\n\n<p class=\"wp-block-paragraph\">Bei Gulasch- und Champignonrahmsuppe lud das festlich geschm\u00fcckte B\u00fcrgerhaus anschlie\u00dfend noch zum Verweilen ein. Viele nahmen das Angebot dankbar an und lie\u00dfen die gelungene Veranstaltung bei einem Gl\u00e4schen Jubil\u00e4umswein in geselliger Runde ausklingen.<\/p>\n\n\n\n<div style=\"height:45px\" aria-hidden=\"true\" class=\"wp-block-spacer\"><\/div>\n\n\n\n<p class=\"wp-block-paragraph\">                    <style>\n                                            .flickr-img-responsive {\n                            width:100% !important;\n                            height:auto !important;\n                            display:block !important;\n                        }\n                        .LoadingImg img {\n                            max-width: 45px;\n                            max-height: 45px;\n                            box-shadow: none;\n                        }\n                        .wpfrank-flickr-div{\n                            padding:15px;\n                        }\n                        @media (max-width: 786px){\n                            .col-md-3 {\n                                width:49.9%;\n                                float:left;\n                            }\n                        }\n                        .play-pause {\n                            display: none !important;\n                        }\n                        .gallery7849 {\n                            overflow:hidden;\n                            clear: both;\n                        }\n                        .fnf{\n                            background-color: #a92929;\n                            border-radius: 5px;\n                            color: #fff;\n                            font-family: initial;\n                            text-align: center;\n                            padding:12px;\n                        }\n                    <\/style>\n                    <script type=\"text\/javascript\">\n                    jQuery(function() {\n                        jQuery('.gallery-7849').flickr({\n                            apiKey: '037c012784565c3b5691cc5a0aa912b7',\n                            photosetId: '72177720316642421'\n                        });\n                    });\n\n                    ;(function ($, window, document, undefined) {\n                        'use strict';\n                        var pluginName = \"flickr\",\n                            defaults = {\n                                apiKey: \"\",\n                                photosetId: \"\",\n                                errorText: \"<div class='fnf'><i class='far fa-times-circle'><\/i> Error generating gallery.<\/div>\",\n                                loadingSpeed: 38,\n                                photosLimit: 200\n                            },\n                            apiUrl = 'https:\/\/api.flickr.com\/services\/rest\/',\n                            photos = [];\n\n                        function Plugin(element, options) {\n                            this.element = $(element);\n                            this.settings = $.extend({}, defaults, options);\n                            this._defaults = defaults;\n                            this._name = pluginName;\n\n                            this._hideSpinner = function() {\n                                this.element.find('.spinner-wrapper').hide().find('*').hide();\n                            };\n\n                            this._printError = function() {\n                                this.element.find('.gallery-container').append($(\"<div><\/div>\", { \"class\": \"col-lg-12\" })\n                                    .append($(\"<div><\/div>\", { \"class\": \"error-wrapper\" })\n                                        .append($(\"<span><\/span>\", { \"class\": \"label label-danger error\" })\n                                            .html(this.settings.errorText))));\n                            };\n\n                            this._flickrAnimate = function() {\n                                this.element.find('.gallery-container img').each($.proxy(function(index, el) {\n                                    var image = el;\n                                    setTimeout(function() {\n                                        $(image).parent().fadeIn();\n                                    }, this.settings.loadingSpeed * index);\n                                }, this));\n                            };\n\n                            this._printGallery = function(photos) {\n                                var element = this.element.find('.gallery-container');\n                                if (!photos || photos.length === 0) {\n                                    this._hideSpinner();\n                                    this._printError();\n                                    return;\n                                }\n                                $.each(photos, function(key, photo) {\n                                    if (!photo || !photo.thumbnail) return; \/\/ Skip undefined or invalid photos\n                                    var img = $('<img>', { 'class': 'thumb img-thumbnail flickr-img-responsive', src: photo.thumbnail, 'alt': photo.title });\n                                    element.append($('<div><\/div>', { 'class': ' col-md-3 col-sm-4 col-center wpfrank-flickr-div' })\n                                        .append($('<a><\/a>', { 'class': '', href: photo.href, 'data-gallery': '', 'title': photo.title }).hide()\n                                            .append(img)));\n                                });\n\n                                element.imagesLoaded()\n                                    .done($.proxy(this._flickrAnimate, this))\n                                    .always($.proxy(this._hideSpinner, this));\n                            };\n\n                            this._flickrPhotoset = function(photoset) {\n                                var _this = this;\n                                photos[photoset.id] = [];\n                                $.each(photoset.photo, function(key, photo) {\n                                    if (photo.media !== \"photo\") {\n                                        return true; \/\/ Skip videos\n                                    }\n                                    if (key >= _this.settings.photosLimit) {\n                                        return false;\n                                    }\n                                    photos[photoset.id][key] = {\n                                        thumbnail: 'https:\/\/farm' + photo.farm + '.static.flickr.com\/' + photo.server + '\/' + photo.id + '_' + photo.secret + '_q.jpg',\n                                        href: 'https:\/\/farm' + photo.farm + '.static.flickr.com\/' + photo.server + '\/' + photo.id + '_' + photo.secret + '_b.jpg',\n                                        title: photo.title\n                                    };\n                                });\n\n                                console.log('Filtered photos:', photos[photoset.id]); \/\/ Debug log\n                                if (photos[photoset.id].length > 0) {\n                                    this._printGallery(photos[photoset.id]);\n                                } else {\n                                    this._hideSpinner();\n                                    this._printError();\n                                }\n                            };\n\n                            this._onFlickrResponse = function(response) {\n                                console.log('API Response:', response); \/\/ Debug log\n                                if (response.stat === \"ok\") {\n                                    this._flickrPhotoset(response.photoset);\n                                } else {\n                                    this._hideSpinner();\n                                    this._printError();\n                                }\n                            };\n\n                            this._flickrRequest = function(method, data) {\n                                var url = apiUrl + \"?format=json&jsoncallback=?&method=\" + method + \"&api_key=\" + this.settings.apiKey;\n                                $.each(data, function(key, value) {\n                                    url += \"&\" + key + \"=\" + value;\n                                });\n\n                                $.ajax({\n                                    dataType: \"json\",\n                                    url: url,\n                                    context: this,\n                                    success: this._onFlickrResponse\n                                });\n                            };\n\n                            this._flickrInit = function () {\n                                this._flickrRequest('flickr.photosets.getPhotos', {\n                                    photoset_id: this.settings.photosetId,\n                                    extras: 'media'\n                                });\n                            };\n\n                            this.init();\n                        }\n\n                        Plugin.prototype = {\n                            init: function () {\n                                this._flickrInit();\n                            }\n                        };\n\n                        $.fn[pluginName] = function (options) {\n                            this.each(function () {\n                                if (!$.data(this, \"plugin_\" + pluginName)) {\n                                    $.data(this, \"plugin_\" + pluginName, new Plugin(this, options));\n                                }\n                            });\n                            return this;\n                        };\n                    })(jQuery, window, document);\n                    <\/script>\n                    <div class=\"gallery-7849\">\n                                                    <h3>Akademische Feier &#8211; 27.04.24<\/h3>\n                                                <div class=\"row\">\n                            <div class=\"col-xs-12 spinner-wrapper\">\n                                <div class=\"LoadingImg\"><img decoding=\"async\" src=\"https:\/\/www.feuerwehrkostheim.de\/wp-content\/plugins\/flickr-album-gallery\/img\/loading.gif\" \/><\/div>\n                            <\/div>\n                            <div align=\"center\" class=\"gallery-container\"><\/div>\n                        <\/div>\n                    <\/div>\n                    \n            <!-- Blueimp gallery -->\n            <div id=\"blueimp-gallery-7849\" class=\"blueimp-gallery blueimp-gallery-controls\">\n                <div class=\"slides\"><\/div>\n                <h3 class=\"title\"><\/h3>\n                <a class=\"prev\">\u2039<\/a>\n                <a class=\"next\">\u203a<\/a>\n                <a class=\"close\">\u00d7<\/a>\n                <a class=\"play-pause\"><\/a>\n                <ol class=\"indicator\"><\/ol>\n                <div class=\"modal fade\">\n                    <div class=\"modal-dialog\">\n                        <div class=\"modal-content\">\n                            <div class=\"modal-header\">\n                                <button type=\"button\" class=\"close\" aria-hidden=\"true\">\u00d7<\/button>\n                                <h4 class=\"modal-title\"><\/h4>\n                            <\/div>\n                            <div class=\"modal-body next\"><\/div>\n                            <div class=\"modal-footer\">\n                                <button type=\"button\" class=\"btn btn-default pull-left prev\">\n                                    <i class=\"glyphicon glyphicon-chevron-left\"><\/i>\n                                    Previous                                <\/button>\n                                <button type=\"button\" class=\"btn btn-primary next\">\n                                    Next                                    <i class=\"glyphicon glyphicon-chevron-right\"><\/i>\n                                <\/button>\n                            <\/div>\n                        <\/div>\n                    <\/div>\n                <\/div>\n            <\/div>\n\n            <script type=\"text\/javascript\">\n            jQuery(function() {\n                jQuery.extend(blueimp.Gallery.prototype.options, {\n                    useBootstrapModal: false,\n                    hidePageScrollbars: false,\n                    container: \"#blueimp-gallery-7849\",\n                });\n            });\n            <\/script>\n\n            <\/p>\n\n\n\n<p class=\"wp-block-paragraph\"><\/p>\n","protected":false},"excerpt":{"rendered":"<p>Mit einem feierlichen Festakt zur 150 Jahrfeier begannen am vergangenen Samstag die Jubil\u00e4umsveranstaltungen der Kostheimer Feuerwehr im Jubeljahr 2024. Rund 200 G\u00e4ste waren der Einladung zur Akademischen Feier gefolgt und konnten durch den Wehrf\u00fchrer und 1. Vorsitzenden des Feuerwehrvereins, Michael Stark, im Kostheimer B\u00fcrgerhaus begr\u00fc\u00dft werden. Neben einer stattlichen Anzahl an Ehreng\u00e4sten aus Politik und [&hellip;]<\/p>\n","protected":false},"author":1,"featured_media":0,"comment_status":"closed","ping_status":"open","sticky":false,"template":"","format":"standard","meta":{"_et_pb_use_builder":"","_et_pb_old_content":"","_et_gb_content_width":"","_crdt_document":"","footnotes":""},"categories":[1651,3,4,7,9],"tags":[1734,706,1735,690,1737,1736,443,1738],"class_list":["post-7847","post","type-post","status-publish","format-standard","hentry","category-150-jahre-ffk","category-bambinifeuerwehr","category-einsatzabteilung","category-jugendfeuerwehr","category-veranstaltungen","tag-150-jahre","tag-buergerhaus","tag-ehrengaeste","tag-feier","tag-grussworte","tag-jubelabend","tag-jubilaum","tag-ob-mende"],"_links":{"self":[{"href":"https:\/\/www.feuerwehrkostheim.de\/index.php?rest_route=\/wp\/v2\/posts\/7847","targetHints":{"allow":["GET"]}}],"collection":[{"href":"https:\/\/www.feuerwehrkostheim.de\/index.php?rest_route=\/wp\/v2\/posts"}],"about":[{"href":"https:\/\/www.feuerwehrkostheim.de\/index.php?rest_route=\/wp\/v2\/types\/post"}],"author":[{"embeddable":true,"href":"https:\/\/www.feuerwehrkostheim.de\/index.php?rest_route=\/wp\/v2\/users\/1"}],"replies":[{"embeddable":true,"href":"https:\/\/www.feuerwehrkostheim.de\/index.php?rest_route=%2Fwp%2Fv2%2Fcomments&post=7847"}],"version-history":[{"count":8,"href":"https:\/\/www.feuerwehrkostheim.de\/index.php?rest_route=\/wp\/v2\/posts\/7847\/revisions"}],"predecessor-version":[{"id":7859,"href":"https:\/\/www.feuerwehrkostheim.de\/index.php?rest_route=\/wp\/v2\/posts\/7847\/revisions\/7859"}],"wp:attachment":[{"href":"https:\/\/www.feuerwehrkostheim.de\/index.php?rest_route=%2Fwp%2Fv2%2Fmedia&parent=7847"}],"wp:term":[{"taxonomy":"category","embeddable":true,"href":"https:\/\/www.feuerwehrkostheim.de\/index.php?rest_route=%2Fwp%2Fv2%2Fcategories&post=7847"},{"taxonomy":"post_tag","embeddable":true,"href":"https:\/\/www.feuerwehrkostheim.de\/index.php?rest_route=%2Fwp%2Fv2%2Ftags&post=7847"}],"curies":[{"name":"wp","href":"https:\/\/api.w.org\/{rel}","templated":true}]}}