{"id":7842,"date":"2024-04-23T13:14:51","date_gmt":"2024-04-23T12:14:51","guid":{"rendered":"https:\/\/www.feuerwehrkostheim.de\/?p=7842"},"modified":"2024-04-23T13:14:53","modified_gmt":"2024-04-23T12:14:53","slug":"rauchentwicklung-gemeldet","status":"publish","type":"post","link":"https:\/\/www.feuerwehrkostheim.de\/?p=7842","title":{"rendered":"Rauchentwicklung gemeldet"},"content":{"rendered":"\n<p class=\"wp-block-paragraph\"><strong>&#x1f6a8; 27 \/ 2024<br>&#x1f4c5; 23.04.24 \u2013 &#x1f556; 08:56 Uhr<\/strong><br>&#x1f4cd; M\u00fcchhofstra\u00dfe<br>&#x1f4df; F 2<br>&#x26a0;&#xfe0f; Rauch aus Dachbereich<\/p>\n\n\n\n<p class=\"wp-block-paragraph\">Der n\u00e4chste Einsatz f\u00fcr die Kostheimer Feuerwehr ereignete sich am Dienstagmorgen, wo die Meldung \u00fcber eine Rauchentwicklung aus dem Bereich eines Daches in der Rettungsleitstelle einging. Zusammen mit dem L\u00f6schzug der Feuerwache 2 und den Kollegen aus Kastel r\u00fcckte man aus um die Meldung zu \u00fcberpr\u00fcfen. Da trotz intensiver Erkundung der angegebenen Umgebung weiter nichts festgestellt werden konnte, beendete der Einsatzleiter nach etwa 30 Minuten den Feuerwehreinsatz und alle Kr\u00e4fte konnten wieder unverrichteter Dinge einr\u00fccken.<\/p>\n","protected":false},"excerpt":{"rendered":"<p>&#x1f6a8; 27 \/ 2024&#x1f4c5; 23.04.24 \u2013 &#x1f556; 08:56 Uhr&#x1f4cd; M\u00fcchhofstra\u00dfe&#x1f4df; F 2&#x26a0;&#xfe0f; Rauch aus Dachbereich Der n\u00e4chste Einsatz f\u00fcr die Kostheimer Feuerwehr ereignete sich am Dienstagmorgen, wo die Meldung \u00fcber eine Rauchentwicklung aus dem Bereich eines Daches in der Rettungsleitstelle einging. Zusammen mit dem L\u00f6schzug der Feuerwache 2 und den Kollegen aus Kastel r\u00fcckte man [&hellip;]<\/p>\n","protected":false},"author":1,"featured_media":0,"comment_status":"closed","ping_status":"open","sticky":false,"template":"","format":"standard","meta":{"_et_pb_use_builder":"","_et_pb_old_content":"","_et_gb_content_width":"","_crdt_document":"","footnotes":""},"categories":[4,5],"tags":[110,112,527,1265,113,111],"class_list":["post-7842","post","type-post","status-publish","format-standard","hentry","category-einsatzabteilung","category-einsatze","tag-alarmgruppe","tag-brandverdacht","tag-dach","tag-f2","tag-fehlalarm","tag-rauchentwicklung"],"_links":{"self":[{"href":"https:\/\/www.feuerwehrkostheim.de\/index.php?rest_route=\/wp\/v2\/posts\/7842","targetHints":{"allow":["GET"]}}],"collection":[{"href":"https:\/\/www.feuerwehrkostheim.de\/index.php?rest_route=\/wp\/v2\/posts"}],"about":[{"href":"https:\/\/www.feuerwehrkostheim.de\/index.php?rest_route=\/wp\/v2\/types\/post"}],"author":[{"embeddable":true,"href":"https:\/\/www.feuerwehrkostheim.de\/index.php?rest_route=\/wp\/v2\/users\/1"}],"replies":[{"embeddable":true,"href":"https:\/\/www.feuerwehrkostheim.de\/index.php?rest_route=%2Fwp%2Fv2%2Fcomments&post=7842"}],"version-history":[{"count":1,"href":"https:\/\/www.feuerwehrkostheim.de\/index.php?rest_route=\/wp\/v2\/posts\/7842\/revisions"}],"predecessor-version":[{"id":7843,"href":"https:\/\/www.feuerwehrkostheim.de\/index.php?rest_route=\/wp\/v2\/posts\/7842\/revisions\/7843"}],"wp:attachment":[{"href":"https:\/\/www.feuerwehrkostheim.de\/index.php?rest_route=%2Fwp%2Fv2%2Fmedia&parent=7842"}],"wp:term":[{"taxonomy":"category","embeddable":true,"href":"https:\/\/www.feuerwehrkostheim.de\/index.php?rest_route=%2Fwp%2Fv2%2Fcategories&post=7842"},{"taxonomy":"post_tag","embeddable":true,"href":"https:\/\/www.feuerwehrkostheim.de\/index.php?rest_route=%2Fwp%2Fv2%2Ftags&post=7842"}],"curies":[{"name":"wp","href":"https:\/\/api.w.org\/{rel}","templated":true}]}}