{"id":7811,"date":"2024-03-24T13:58:49","date_gmt":"2024-03-24T12:58:49","guid":{"rendered":"https:\/\/www.feuerwehrkostheim.de\/?p=7811"},"modified":"2024-03-24T16:23:15","modified_gmt":"2024-03-24T15:23:15","slug":"kostheimer-wehrfuehrer-zum-stellvertretenden-stadtbrandinspektor-gewaehlt","status":"publish","type":"post","link":"https:\/\/www.feuerwehrkostheim.de\/?p=7811","title":{"rendered":"Kostheimer Wehrf\u00fchrer zum stellvertretenden Stadtbrandinspektor gew\u00e4hlt"},"content":{"rendered":"\n<figure class=\"wp-block-image alignright size-large is-resized\"><a href=\"https:\/\/www.feuerwehrkostheim.de\/wp-content\/uploads\/2024\/03\/2024-03-23-Neuwahlen-KFV.jpg\"><img loading=\"lazy\" decoding=\"async\" width=\"1024\" height=\"1024\" src=\"https:\/\/www.feuerwehrkostheim.de\/wp-content\/uploads\/2024\/03\/2024-03-23-Neuwahlen-KFV-1024x1024.jpg\" alt=\"\" class=\"wp-image-7812\" style=\"width:342px;height:auto\" srcset=\"https:\/\/www.feuerwehrkostheim.de\/wp-content\/uploads\/2024\/03\/2024-03-23-Neuwahlen-KFV-980x980.jpg 980w, https:\/\/www.feuerwehrkostheim.de\/wp-content\/uploads\/2024\/03\/2024-03-23-Neuwahlen-KFV-480x480.jpg 480w\" sizes=\"(min-width: 0px) and (max-width: 480px) 480px, (min-width: 481px) and (max-width: 980px) 980px, (min-width: 981px) 1024px, 100vw\" \/><\/a><\/figure>\n\n\n\n<p class=\"wp-block-paragraph\">Im Rahmen der am Samstag im B\u00fcrgerhaus Kastel stattgefundenen Jahreshauptversammlungen des Kreisfeuerwehrverbandes Wiesbaden wurde der Kostheimer Wehrf\u00fchrer Michael Stark zum neuen stellvertretenden Stadtbrandinspektor gew\u00e4hlt. Zusammen mit dem zweiten Stellvertreter Uwe Waldaestel sowie dem ebenfalls neu gew\u00e4hlten Stadtbrandinspektor Sascha Gerhard bilden sie die neu formierte Stadtbrandinspektion an der Spitze der insgesamt 640 Kameradinnen und Kameraden der Freiwilligen Feuerwehren Wiesbadens.<\/p>\n\n\n\n<p class=\"wp-block-paragraph\">Ebenfalls aus den Reihen der Kostheimer Wehr w\u00e4hlte die Verbandsversammlung mit Bianca Stark eine neue Vertreterin der Frauen in der Freiwilligen Feuerwehr sowie Torsten Krimmel, der das Amt des Kassierers \u00fcbernimmt.<\/p>\n\n\n\n<p class=\"wp-block-paragraph\">Die Feuerwehr Kostheim gratuliert allen neu gew\u00e4hlten Kameradinnen und Kameraden und w\u00fcnscht ihnen viel Erfolg bei der Aus\u00fcbung ihrer \u00c4mter.<\/p>\n","protected":false},"excerpt":{"rendered":"<p>Im Rahmen der am Samstag im B\u00fcrgerhaus Kastel stattgefundenen Jahreshauptversammlungen des Kreisfeuerwehrverbandes Wiesbaden wurde der Kostheimer Wehrf\u00fchrer Michael Stark zum neuen stellvertretenden Stadtbrandinspektor gew\u00e4hlt. Zusammen mit dem zweiten Stellvertreter Uwe Waldaestel sowie dem ebenfalls neu gew\u00e4hlten Stadtbrandinspektor Sascha Gerhard bilden sie die neu formierte Stadtbrandinspektion an der Spitze der insgesamt 640 Kameradinnen und Kameraden der [&hellip;]<\/p>\n","protected":false},"author":1,"featured_media":0,"comment_status":"closed","ping_status":"open","sticky":false,"template":"","format":"standard","meta":{"_et_pb_use_builder":"","_et_pb_old_content":"","_et_gb_content_width":"","_crdt_document":"","footnotes":""},"categories":[4,9],"tags":[1717,1716,193,1715],"class_list":["post-7811","post","type-post","status-publish","format-standard","hentry","category-einsatzabteilung","category-veranstaltungen","tag-feuerwehrausschuss","tag-kreisfeuerwehrverband","tag-neuwahlen","tag-stadtbrandinspektion"],"_links":{"self":[{"href":"https:\/\/www.feuerwehrkostheim.de\/index.php?rest_route=\/wp\/v2\/posts\/7811","targetHints":{"allow":["GET"]}}],"collection":[{"href":"https:\/\/www.feuerwehrkostheim.de\/index.php?rest_route=\/wp\/v2\/posts"}],"about":[{"href":"https:\/\/www.feuerwehrkostheim.de\/index.php?rest_route=\/wp\/v2\/types\/post"}],"author":[{"embeddable":true,"href":"https:\/\/www.feuerwehrkostheim.de\/index.php?rest_route=\/wp\/v2\/users\/1"}],"replies":[{"embeddable":true,"href":"https:\/\/www.feuerwehrkostheim.de\/index.php?rest_route=%2Fwp%2Fv2%2Fcomments&post=7811"}],"version-history":[{"count":3,"href":"https:\/\/www.feuerwehrkostheim.de\/index.php?rest_route=\/wp\/v2\/posts\/7811\/revisions"}],"predecessor-version":[{"id":7815,"href":"https:\/\/www.feuerwehrkostheim.de\/index.php?rest_route=\/wp\/v2\/posts\/7811\/revisions\/7815"}],"wp:attachment":[{"href":"https:\/\/www.feuerwehrkostheim.de\/index.php?rest_route=%2Fwp%2Fv2%2Fmedia&parent=7811"}],"wp:term":[{"taxonomy":"category","embeddable":true,"href":"https:\/\/www.feuerwehrkostheim.de\/index.php?rest_route=%2Fwp%2Fv2%2Fcategories&post=7811"},{"taxonomy":"post_tag","embeddable":true,"href":"https:\/\/www.feuerwehrkostheim.de\/index.php?rest_route=%2Fwp%2Fv2%2Ftags&post=7811"}],"curies":[{"name":"wp","href":"https:\/\/api.w.org\/{rel}","templated":true}]}}